{"id":8965,"date":"2015-03-10T00:00:52","date_gmt":"2015-03-10T00:00:52","guid":{"rendered":"http:\/\/www.escolasdesoure.pt\/web\/?p=8965"},"modified":"2015-03-10T08:07:04","modified_gmt":"2015-03-10T08:07:04","slug":"minuto-verde-da-quercus-completou-9-anos-de-emissao-na-rtp-com-mais-de-2300-conselhos-ambientais","status":"publish","type":"post","link":"https:\/\/www.escolasdesoure.pt\/web\/2015\/03\/minuto-verde-da-quercus-completou-9-anos-de-emissao-na-rtp-com-mais-de-2300-conselhos-ambientais\/","title":{"rendered":"\u2018Minuto Verde\u2019 da Quercus completou 9 anos de emiss\u00e3o na RTP, com mais de 2300 conselhos ambientais"},"content":{"rendered":"<p style=\"text-align: justify;\"><img decoding=\"async\" class=\"alignright size-full wp-image-8967\" src=\"http:\/\/www.escolasdesoure.pt\/web\/wp-content\/uploads\/2015\/03\/11.jpg\" alt=\"1\" width=\"241\" height=\"163\" \/>No dia 6 de mar\u00e7o foi emitido o epis\u00f3dio n\u00famero 2316 do Minuto Verde, rubrica televisiva de sensibiliza\u00e7\u00e3o ambiental produzida e apresentada, desde 2006, pela Quercus na RTP, sendo emitida todos os dias \u00fateis no programa informativo das manh\u00e3s \u2018Bom Dia Portugal\u2019, com tr\u00eas repeti\u00e7\u00f5es em cada emiss\u00e3o di\u00e1ria (ligeiramente antes das 8h00, 9h00 e 10h00).<\/p>\n<p style=\"text-align: justify;\">Em epis\u00f3dios de 60 segundos a rubrica transmite, atrav\u00e9s de uma linguagem direta e informal, simples conselhos ambientais de aplica\u00e7\u00e3o pr\u00e1tica no dia-a-dia; divulga locais de grande relev\u00e2ncia ecol\u00f3gica e mostra iniciativas que ilustram preocupa\u00e7\u00f5es de sustentabilidade ambiental por parte de empresas, autarquias e demais entidades.<br \/>\nA rubrica bissemanal \u00c1rias.verde do Agrupamento de Escolas Martinho \u00c1rias teve alguma inspira\u00e7\u00e3o no \u201cMinuto verde\u201d. Espera-se que tamb\u00e9m ela motive e traga informa\u00e7\u00e3o que nos ajude a melhorar as boas pr\u00e1ticas ambientais.<\/p>\n<p style=\"text-align: justify;\">Fonte: Quercus<\/p>\n","protected":false},"excerpt":{"rendered":"<p>No dia 6 de mar\u00e7o foi emitido o epis\u00f3dio n\u00famero 2316 do Minuto Verde, rubrica televisiva de sensibiliza\u00e7\u00e3o ambiental produzida e apresentada, desde 2006, pela<a href=\"https:\/\/www.escolasdesoure.pt\/web\/2015\/03\/minuto-verde-da-quercus-completou-9-anos-de-emissao-na-rtp-com-mais-de-2300-conselhos-ambientais\/\" class=\"more-link\"><span class=\"screen-reader-text\"> &#8220;\u2018Minuto Verde\u2019 da Quercus completou 9 anos de emiss\u00e3o na RTP, com mais de 2300 conselhos ambientais&#8221;<\/span><\/a><\/p>\n","protected":false},"author":1,"featured_media":0,"comment_status":"closed","ping_status":"closed","sticky":false,"template":"","format":"standard","meta":{"footnotes":""},"categories":[214],"tags":[],"class_list":["post-8965","post","type-post","status-publish","format-standard","hentry","category-eco-escolas"],"_links":{"self":[{"href":"https:\/\/www.escolasdesoure.pt\/web\/wp-json\/wp\/v2\/posts\/8965","targetHints":{"allow":["GET"]}}],"collection":[{"href":"https:\/\/www.escolasdesoure.pt\/web\/wp-json\/wp\/v2\/posts"}],"about":[{"href":"https:\/\/www.escolasdesoure.pt\/web\/wp-json\/wp\/v2\/types\/post"}],"author":[{"embeddable":true,"href":"https:\/\/www.escolasdesoure.pt\/web\/wp-json\/wp\/v2\/users\/1"}],"replies":[{"embeddable":true,"href":"https:\/\/www.escolasdesoure.pt\/web\/wp-json\/wp\/v2\/comments?post=8965"}],"version-history":[{"count":2,"href":"https:\/\/www.escolasdesoure.pt\/web\/wp-json\/wp\/v2\/posts\/8965\/revisions"}],"predecessor-version":[{"id":8968,"href":"https:\/\/www.escolasdesoure.pt\/web\/wp-json\/wp\/v2\/posts\/8965\/revisions\/8968"}],"wp:attachment":[{"href":"https:\/\/www.escolasdesoure.pt\/web\/wp-json\/wp\/v2\/media?parent=8965"}],"wp:term":[{"taxonomy":"category","embeddable":true,"href":"https:\/\/www.escolasdesoure.pt\/web\/wp-json\/wp\/v2\/categories?post=8965"},{"taxonomy":"post_tag","embeddable":true,"href":"https:\/\/www.escolasdesoure.pt\/web\/wp-json\/wp\/v2\/tags?post=8965"}],"curies":[{"name":"wp","href":"https:\/\/api.w.org\/{rel}","templated":true}]}}