{"id":8815,"date":"2014-12-12T10:21:29","date_gmt":"2014-12-12T10:21:29","guid":{"rendered":"http:\/\/www.escolasdesoure.pt\/web\/?p=8815"},"modified":"2014-12-12T10:21:29","modified_gmt":"2014-12-12T10:21:29","slug":"alunos-da-escola-3s-martinho-arias-visitam-o-palacio-nacional-de-mafra","status":"publish","type":"post","link":"https:\/\/www.escolasdesoure.pt\/web\/2014\/12\/alunos-da-escola-3s-martinho-arias-visitam-o-palacio-nacional-de-mafra\/","title":{"rendered":"Alunos da Escola 3\/S. Martinho \u00c1rias visitam o Pal\u00e1cio Nacional de Mafra"},"content":{"rendered":"<p style=\"text-align: justify;\"><img decoding=\"async\" class=\"alignleft size-full wp-image-8816\" src=\"http:\/\/www.escolasdesoure.pt\/web\/wp-content\/uploads\/2014\/12\/1.jpg\" alt=\"1\" width=\"295\" height=\"410\" srcset=\"https:\/\/www.escolasdesoure.pt\/web\/wp-content\/uploads\/2014\/12\/1.jpg 295w, https:\/\/www.escolasdesoure.pt\/web\/wp-content\/uploads\/2014\/12\/1-215x300.jpg 215w\" sizes=\"(max-width: 295px) 100vw, 295px\" \/>O romance de Jos\u00e9 Saramago, \u201cMemorial do Convento\u201d, motivou, mais uma vez, a realiza\u00e7\u00e3o de uma visita de estudo a Mafra, no dia 1 de dezembro, com a participa\u00e7\u00e3o dos alunos do 12 o ano, turmas A, B, C e D.<br \/>\nEsta atividade, concretizada no \u00e2mbito da disciplina de Portugu\u00eas, integrou um espet\u00e1culo de teatro &#8211; \u201cLeitura encenada do Memorial do Convento\u201d, adapta\u00e7\u00e3o do romance hom\u00f3nimo de Jos\u00e9 Saramago, e uma visita guiada ao Pal\u00e1cio Nacional de Mafra.<br \/>\nO espect\u00e1culo teatral iniciou-se com uma instala\u00e7\u00e3o multim\u00e9dia, intitulada \u201cA vontade de Voar\u201d (\u201cThe will to fly\u201d), que, atrav\u00e9s de sons, imagens e cores que podem ser influenciados pelo visitante recorrendo a sensores, pretende proporcionar a experimenta\u00e7\u00e3o da sensa\u00e7\u00e3o do eterno sonho de voar. Em seguida, os alunos assistiram \u00e0 adapta\u00e7\u00e3o dramat\u00fargica do romance de Saramago que apresenta momentos essenciais de Memorial do<br \/>\nConvento atrav\u00e9s da rela\u00e7\u00e3o din\u00e2mica de cinco atores que d\u00e3o vida a dezassete personagens.<br \/>\n\u00c0 tarde, foi realizada uma visita guiada ao Pal\u00e1cio Nacional de Mafra, intitulada &#8211; \u201cMemorial do Convento \u2013 Uma integra\u00e7\u00e3o hist\u00f3rica\u201d, durante a qual os participantes tiveram oportunidade de escutar uma nova leitura deste monumento e percorreram os espa\u00e7os mais importantes referidos por Saramago no seu romance.<br \/>\nAntes do regresso a Soure, n\u00e3o foram esquecidos pelos mais gulosos, os fradinhos, deliciosos past\u00e9is de am\u00eandoa e feij\u00e3o, da do\u00e7aria conventual local.<\/p>\n<p><iframe loading=\"lazy\" src=\"https:\/\/app.box.com\/embed_widget\/s\/40xo2x3j0yvoq3opiluj?view=&#038;sort=&#038;direction=ASC&#038;theme=blue\" width=\"760\" height=\"600\" frameborder=\"0\"allowfullscreen webkitallowfullscreen msallowfullscreen><\/iframe><\/p>\n<p style=\"text-align: right;\">As Professoras Respons\u00e1veis:<br \/>\nAndrelina Moreira, Gl\u00f3ria Aleixo, Gracinda Henriques, Lu\u00edsa Pereirinha e Margarida Marques<\/p>\n","protected":false},"excerpt":{"rendered":"<p>O romance de Jos\u00e9 Saramago, \u201cMemorial do Convento\u201d, motivou, mais uma vez, a realiza\u00e7\u00e3o de uma visita de estudo a Mafra, no dia 1 de<a href=\"https:\/\/www.escolasdesoure.pt\/web\/2014\/12\/alunos-da-escola-3s-martinho-arias-visitam-o-palacio-nacional-de-mafra\/\" class=\"more-link\"><span class=\"screen-reader-text\"> &#8220;Alunos da Escola 3\/S. Martinho \u00c1rias visitam o Pal\u00e1cio Nacional de Mafra&#8221;<\/span><\/a><\/p>\n","protected":false},"author":1,"featured_media":0,"comment_status":"closed","ping_status":"closed","sticky":false,"template":"","format":"standard","meta":{"footnotes":""},"categories":[1],"tags":[150,47],"class_list":["post-8815","post","type-post","status-publish","format-standard","hentry","category-noticias","tag-teatro","tag-visitas-de-estudo"],"_links":{"self":[{"href":"https:\/\/www.escolasdesoure.pt\/web\/wp-json\/wp\/v2\/posts\/8815","targetHints":{"allow":["GET"]}}],"collection":[{"href":"https:\/\/www.escolasdesoure.pt\/web\/wp-json\/wp\/v2\/posts"}],"about":[{"href":"https:\/\/www.escolasdesoure.pt\/web\/wp-json\/wp\/v2\/types\/post"}],"author":[{"embeddable":true,"href":"https:\/\/www.escolasdesoure.pt\/web\/wp-json\/wp\/v2\/users\/1"}],"replies":[{"embeddable":true,"href":"https:\/\/www.escolasdesoure.pt\/web\/wp-json\/wp\/v2\/comments?post=8815"}],"version-history":[{"count":1,"href":"https:\/\/www.escolasdesoure.pt\/web\/wp-json\/wp\/v2\/posts\/8815\/revisions"}],"predecessor-version":[{"id":8817,"href":"https:\/\/www.escolasdesoure.pt\/web\/wp-json\/wp\/v2\/posts\/8815\/revisions\/8817"}],"wp:attachment":[{"href":"https:\/\/www.escolasdesoure.pt\/web\/wp-json\/wp\/v2\/media?parent=8815"}],"wp:term":[{"taxonomy":"category","embeddable":true,"href":"https:\/\/www.escolasdesoure.pt\/web\/wp-json\/wp\/v2\/categories?post=8815"},{"taxonomy":"post_tag","embeddable":true,"href":"https:\/\/www.escolasdesoure.pt\/web\/wp-json\/wp\/v2\/tags?post=8815"}],"curies":[{"name":"wp","href":"https:\/\/api.w.org\/{rel}","templated":true}]}}