{"id":8215,"date":"2014-06-09T11:08:24","date_gmt":"2014-06-09T10:08:24","guid":{"rendered":"http:\/\/www.escolasdesoure.pt\/web\/?p=8215"},"modified":"2014-06-09T11:08:53","modified_gmt":"2014-06-09T10:08:53","slug":"e-b-12-de-soure-mapa-de-reunioes-de-entrega-de-avaliacoes","status":"publish","type":"post","link":"https:\/\/www.escolasdesoure.pt\/web\/2014\/06\/e-b-12-de-soure-mapa-de-reunioes-de-entrega-de-avaliacoes\/","title":{"rendered":"E.B.1,2 de Soure: Mapa De Reuni\u00f5es De Entrega De Avalia\u00e7\u00f5es"},"content":{"rendered":"<p style=\"text-align: center;\"><strong>5\u00ba ANO<\/strong><\/p>\n<p style=\"text-align: center;\"><strong>DIA 20 DE JUNHO<\/strong><\/p>\n<table border=\"1\" width=\"653\" cellspacing=\"0\" cellpadding=\"7\">\n<colgroup>\n<col width=\"123\" \/>\n<col width=\"184\" \/>\n<col width=\"213\" \/>\n<col width=\"73\" \/> <\/colgroup>\n<tbody>\n<tr valign=\"top\">\n<td style=\"text-align: center;\" width=\"123\"><strong>Ano\/Turma<\/strong><\/td>\n<td style=\"text-align: center;\" width=\"184\"><strong>Diretor de Turma<\/strong><\/td>\n<td style=\"text-align: center;\" width=\"213\"><strong>Hora<\/strong><\/td>\n<td style=\"text-align: center;\" width=\"73\"><strong>Sala<\/strong><\/td>\n<\/tr>\n<tr>\n<td width=\"123\">5\u00ba A<\/td>\n<td width=\"184\">Nat\u00e9rcia Silva<\/td>\n<td width=\"213\">14h30 \u2013 16h30<\/td>\n<td width=\"73\">32<\/td>\n<\/tr>\n<tr>\n<td width=\"123\">5\u00ba B<\/td>\n<td width=\"184\">Alberto Cruz<\/td>\n<td width=\"213\">16h<\/td>\n<td width=\"73\">Pav.<\/td>\n<\/tr>\n<tr>\n<td width=\"123\">5\u00ba C<\/td>\n<td width=\"184\">Preciosa Louren\u00e7o<\/td>\n<td width=\"213\">13h30<\/td>\n<td width=\"73\">13<\/td>\n<\/tr>\n<tr>\n<td width=\"123\">5\u00ba D<\/td>\n<td width=\"184\">Ant\u00f3nio Ferreira<\/td>\n<td width=\"213\">13h30<\/td>\n<td width=\"73\">Inf.<\/td>\n<\/tr>\n<\/tbody>\n<\/table>\n","protected":false},"excerpt":{"rendered":"<p>5\u00ba ANO DIA 20 DE JUNHO Ano\/Turma Diretor de Turma Hora Sala 5\u00ba A Nat\u00e9rcia Silva 14h30 \u2013 16h30 32 5\u00ba B Alberto Cruz 16h<a href=\"https:\/\/www.escolasdesoure.pt\/web\/2014\/06\/e-b-12-de-soure-mapa-de-reunioes-de-entrega-de-avaliacoes\/\" class=\"more-link\"><span class=\"screen-reader-text\"> &#8220;E.B.1,2 de Soure: Mapa De Reuni\u00f5es De Entrega De Avalia\u00e7\u00f5es&#8221;<\/span><\/a><\/p>\n","protected":false},"author":1,"featured_media":0,"comment_status":"closed","ping_status":"closed","sticky":false,"template":"","format":"standard","meta":{"footnotes":""},"categories":[1],"tags":[],"class_list":["post-8215","post","type-post","status-publish","format-standard","hentry","category-noticias"],"_links":{"self":[{"href":"https:\/\/www.escolasdesoure.pt\/web\/wp-json\/wp\/v2\/posts\/8215","targetHints":{"allow":["GET"]}}],"collection":[{"href":"https:\/\/www.escolasdesoure.pt\/web\/wp-json\/wp\/v2\/posts"}],"about":[{"href":"https:\/\/www.escolasdesoure.pt\/web\/wp-json\/wp\/v2\/types\/post"}],"author":[{"embeddable":true,"href":"https:\/\/www.escolasdesoure.pt\/web\/wp-json\/wp\/v2\/users\/1"}],"replies":[{"embeddable":true,"href":"https:\/\/www.escolasdesoure.pt\/web\/wp-json\/wp\/v2\/comments?post=8215"}],"version-history":[{"count":2,"href":"https:\/\/www.escolasdesoure.pt\/web\/wp-json\/wp\/v2\/posts\/8215\/revisions"}],"predecessor-version":[{"id":8217,"href":"https:\/\/www.escolasdesoure.pt\/web\/wp-json\/wp\/v2\/posts\/8215\/revisions\/8217"}],"wp:attachment":[{"href":"https:\/\/www.escolasdesoure.pt\/web\/wp-json\/wp\/v2\/media?parent=8215"}],"wp:term":[{"taxonomy":"category","embeddable":true,"href":"https:\/\/www.escolasdesoure.pt\/web\/wp-json\/wp\/v2\/categories?post=8215"},{"taxonomy":"post_tag","embeddable":true,"href":"https:\/\/www.escolasdesoure.pt\/web\/wp-json\/wp\/v2\/tags?post=8215"}],"curies":[{"name":"wp","href":"https:\/\/api.w.org\/{rel}","templated":true}]}}