{"id":8146,"date":"2014-06-03T13:20:41","date_gmt":"2014-06-03T12:20:41","guid":{"rendered":"http:\/\/www.escolasdesoure.pt\/web\/?p=8146"},"modified":"2014-06-04T12:02:12","modified_gmt":"2014-06-04T11:02:12","slug":"o-teatro-a-poesia-e-a-musica-cantam-a-liberdade","status":"publish","type":"post","link":"https:\/\/www.escolasdesoure.pt\/web\/2014\/06\/o-teatro-a-poesia-e-a-musica-cantam-a-liberdade\/","title":{"rendered":"O teatro, a poesia e a m\u00fasica cantam a liberdade!"},"content":{"rendered":"<p style=\"text-align: justify;\">No \u00e2mbito das comemora\u00e7\u00f5es dos 40 anos do 25 de abril, alunos do 2\u00ba e 3\u00ba ciclos do Agrupamento de Escolas de Soure associaram-se \u00e0s atividades promovidas pela C\u00e2mara Municipal de Soure, representando, cantando e recitando poemas ao servi\u00e7o dos valores de abril. Saindo do espa\u00e7o da sala de aula para o espa\u00e7o concelhio, alunos do 6\u00ba A e 8\u00ba C presentearam o p\u00fablico a\u00ed presente com as atividades desenvolvidas durante as aulas de Express\u00e3o Dram\u00e1tica, uma das disciplinas da Oferta de Escola.<br \/>\nAcompanhadas \u00e0 flauta pelos alunos Rui Ferreira, Rodrigo Viegas e Andr\u00e9 Pedrosa do 6\u00ba A, Ana Gon\u00e7alves e Diana Correia declamaram, com convic\u00e7\u00e3o e rigor, os poemas \u201c \u00c9 tempo de Uni\u00e3o\u201d e \u201c 25 de abril\u201d, respetivamente, sendo este \u00faltimo da autoria de Catarina Coimbra.<br \/>\nNum cen\u00e1rio real e ficcionado, e imbu\u00eddos pelos valores de uma cidadania respons\u00e1vel e participada, os alunos do 8\u00ba C celebraram, com grande dedica\u00e7\u00e3o e entusiasmo, o Dia da Liberdade, oferecendo ao p\u00fablico a representa\u00e7\u00e3o da pe\u00e7a de Jos\u00e9 Vaz \u201cA F\u00e1bula dos Feij\u00f5es Cinzentos\u201d, adaptada pelas docentes Fernanda Ladeira e Margarida Carrington. Met\u00e1fora da ditadura vivida pelo povo portugu\u00eas antes do 25 de abril de 1974, esta f\u00e1bula narra a hist\u00f3ria de diversos \u201cFeij\u00f5es\u201d que, um belo dia, se tornaram cinzentos, deslavados, em virtude da vil cobi\u00e7a, opress\u00e3o e prepot\u00eancia. Nesta s\u00e1tira social, tr\u00eas \u201cFeij\u00f5es\u201d opressores reprimem o povo, as \u201cFam\u00edlias Feijocas\u201d, com a pol\u00edcia, com a censura e enviam muitos jovens para a guerra. Todavia, a luta pela liberdade e igualdade de direitos leva os \u201cFeij\u00f5es\u201d a insurgirem-se contra os seus opressores. Assim, os \u201cFeij\u00f5es cinzentos\u201d, encarnados pelos alunos da turma supracitada, que foram deambulando no palco \u00e0 medida que eram referidos por uma \u201cav\u00f3\u201d \u00e0 sua \u201cneta\u201d, conseguiram recuperar as suas cores originais, simbolicamente, os seus direitos.<br \/>\nAtrav\u00e9s desta trama de cariz pol\u00edtico-social, os alunos enalteceram, deste modo, os valores como a liberdade, a fraternidade, a paz e a harmonia.<\/p>\n<p><iframe loading=\"lazy\" src=\"\/\/www.youtube.com\/embed\/ZEQWz41HPBk\" width=\"640\" height=\"480\" frameborder=\"0\" allowfullscreen=\"allowfullscreen\"><\/iframe><\/p>\n","protected":false},"excerpt":{"rendered":"<p>No \u00e2mbito das comemora\u00e7\u00f5es dos 40 anos do 25 de abril, alunos do 2\u00ba e 3\u00ba ciclos do Agrupamento de Escolas de Soure associaram-se \u00e0s<a href=\"https:\/\/www.escolasdesoure.pt\/web\/2014\/06\/o-teatro-a-poesia-e-a-musica-cantam-a-liberdade\/\" class=\"more-link\"><span class=\"screen-reader-text\"> &#8220;O teatro, a poesia e a m\u00fasica cantam a liberdade!&#8221;<\/span><\/a><\/p>\n","protected":false},"author":1,"featured_media":0,"comment_status":"closed","ping_status":"closed","sticky":false,"template":"","format":"standard","meta":{"footnotes":""},"categories":[1],"tags":[],"class_list":["post-8146","post","type-post","status-publish","format-standard","hentry","category-noticias"],"_links":{"self":[{"href":"https:\/\/www.escolasdesoure.pt\/web\/wp-json\/wp\/v2\/posts\/8146","targetHints":{"allow":["GET"]}}],"collection":[{"href":"https:\/\/www.escolasdesoure.pt\/web\/wp-json\/wp\/v2\/posts"}],"about":[{"href":"https:\/\/www.escolasdesoure.pt\/web\/wp-json\/wp\/v2\/types\/post"}],"author":[{"embeddable":true,"href":"https:\/\/www.escolasdesoure.pt\/web\/wp-json\/wp\/v2\/users\/1"}],"replies":[{"embeddable":true,"href":"https:\/\/www.escolasdesoure.pt\/web\/wp-json\/wp\/v2\/comments?post=8146"}],"version-history":[{"count":3,"href":"https:\/\/www.escolasdesoure.pt\/web\/wp-json\/wp\/v2\/posts\/8146\/revisions"}],"predecessor-version":[{"id":8209,"href":"https:\/\/www.escolasdesoure.pt\/web\/wp-json\/wp\/v2\/posts\/8146\/revisions\/8209"}],"wp:attachment":[{"href":"https:\/\/www.escolasdesoure.pt\/web\/wp-json\/wp\/v2\/media?parent=8146"}],"wp:term":[{"taxonomy":"category","embeddable":true,"href":"https:\/\/www.escolasdesoure.pt\/web\/wp-json\/wp\/v2\/categories?post=8146"},{"taxonomy":"post_tag","embeddable":true,"href":"https:\/\/www.escolasdesoure.pt\/web\/wp-json\/wp\/v2\/tags?post=8146"}],"curies":[{"name":"wp","href":"https:\/\/api.w.org\/{rel}","templated":true}]}}