{"id":8090,"date":"2014-05-27T10:58:43","date_gmt":"2014-05-27T09:58:43","guid":{"rendered":"http:\/\/www.escolasdesoure.pt\/web\/?p=8090"},"modified":"2014-05-27T10:58:43","modified_gmt":"2014-05-27T09:58:43","slug":"pe-de-vento-na-lixeira-peca-representada-na-x-mostra-de-teatro-escolar","status":"publish","type":"post","link":"https:\/\/www.escolasdesoure.pt\/web\/2014\/05\/pe-de-vento-na-lixeira-peca-representada-na-x-mostra-de-teatro-escolar\/","title":{"rendered":"\u201cP\u00e9 de Vento na Lixeira\u201d pe\u00e7a representada na X Mostra de Teatro Escolar"},"content":{"rendered":"<p style=\"text-align: justify;\">Baseada na <img decoding=\"async\" class=\"alignleft size-medium wp-image-8091\" src=\"http:\/\/www.escolasdesoure.pt\/web\/wp-content\/uploads\/2014\/05\/cartaz-mostra2-212x300.jpg\" alt=\"cartaz mostra2\" width=\"212\" height=\"300\" srcset=\"https:\/\/www.escolasdesoure.pt\/web\/wp-content\/uploads\/2014\/05\/cartaz-mostra2-212x300.jpg 212w, https:\/\/www.escolasdesoure.pt\/web\/wp-content\/uploads\/2014\/05\/cartaz-mostra2.jpg 650w\" sizes=\"(max-width: 212px) 100vw, 212px\" \/>obra\u201c P\u00e9-de-vento na lixeira\u201d, de Maria Helena Henriques e Maria Jos\u00e9 Morena, a pe\u00e7a de teatro, que estreou, no dia 8 de maio, na X Mostra de Teatro Escolar, em Coimbra, a convite, uma vez mais, da Oficina Municipal de Teatro, contou com a participa\u00e7\u00e3o dos alunos da Oficina de Teatro da Escola Martinho \u00c1rias, aos quais se associaram alguns alunos do 6\u00ba ano deste agrupamento.<br \/>\nNum cen\u00e1rio de \u201clixeira\u201d improvisada, uma pan\u00f3plia de objetos personificados, abandonados naquele lugar f\u00e9tido e imundo, se recusam a ser tratados como mero lixo, reclamando, por isso, o estatuto de Res\u00edduos S\u00f3lidos Urbanos. Cada um dos res\u00edduos personificados vai esgrimindo argumentos para alertar a sociedade contra uma mudan\u00e7a comportamental do homem no \u00e2mbito da redu\u00e7\u00e3o, da reciclagem, e da reutiliza\u00e7\u00e3o dos produtos, provocando um \u201cp\u00e9-de-vento na lixeira\u201d. Imbu\u00eddos deste esp\u00edrito ecol\u00f3gico, as personagens conseguem vencer a luta em que se empreenderam, reencontrando-se num d\u00e9cor colorido e renovado, enaltecendo, deste modo, os benef\u00edcios dos princ\u00edpios que defendiam.<br \/>\nTransportando os espetadores para este espa\u00e7o mim\u00e9tico, os jovens atores cumpriram, tamb\u00e9m eles, a sua miss\u00e3o: alertar e sensibilizar para a preserva\u00e7\u00e3o do meio ambiente, em prol de um mundo melhor, mais humanizado e ecol\u00f3gico.<br \/>\nAp\u00f3s os aplausos calorosos do p\u00fablico, e num ambiente familiar de intera\u00e7\u00e3o, os atores, satisfeitos por ter encarnado as diferentes personagens, dialogaram com os espetadores, que apreciaram a encena\u00e7\u00e3o desta pe\u00e7a.<br \/>\nPara levar em cena este espet\u00e1culo, a Oficina de Teatro do Clube Art\u2019e V\u00edcios contou com o total apoio da Dire\u00e7\u00e3o da Escola, bem como da C\u00e2mara Municipal de Soure, da Oficina de Teatro de Coimbra, dos Encarregados de Educa\u00e7\u00e3o dos atores, e ainda de outros colaboradores, nomeadamente de alguns assistentes operacionais, que trabalharam com afinco nos adere\u00e7os e na anima\u00e7\u00e3o musical.<br \/>\nA todos quantos tornaram poss\u00edvel este espet\u00e1culo, as respons\u00e1veis pela Oficina de Teatro agradecem.<\/p>\n<p style=\"text-align: justify;\"><img decoding=\"async\" class=\"aligncenter wp-image-8092\" src=\"http:\/\/www.escolasdesoure.pt\/web\/wp-content\/uploads\/2014\/05\/DSC_0888.jpg\" alt=\"DSC_0888\" width=\"650\" height=\"431\" srcset=\"https:\/\/www.escolasdesoure.pt\/web\/wp-content\/uploads\/2014\/05\/DSC_0888.jpg 800w, https:\/\/www.escolasdesoure.pt\/web\/wp-content\/uploads\/2014\/05\/DSC_0888-300x199.jpg 300w\" sizes=\"(max-width: 650px) 100vw, 650px\" \/><\/p>\n<p>&nbsp;<\/p>\n","protected":false},"excerpt":{"rendered":"<p>Baseada na obra\u201c P\u00e9-de-vento na lixeira\u201d, de Maria Helena Henriques e Maria Jos\u00e9 Morena, a pe\u00e7a de teatro, que estreou, no dia 8 de maio,<a href=\"https:\/\/www.escolasdesoure.pt\/web\/2014\/05\/pe-de-vento-na-lixeira-peca-representada-na-x-mostra-de-teatro-escolar\/\" class=\"more-link\"><span class=\"screen-reader-text\"> &#8220;\u201cP\u00e9 de Vento na Lixeira\u201d pe\u00e7a representada na X Mostra de Teatro Escolar&#8221;<\/span><\/a><\/p>\n","protected":false},"author":1,"featured_media":0,"comment_status":"closed","ping_status":"closed","sticky":false,"template":"","format":"standard","meta":{"footnotes":""},"categories":[1],"tags":[150],"class_list":["post-8090","post","type-post","status-publish","format-standard","hentry","category-noticias","tag-teatro"],"_links":{"self":[{"href":"https:\/\/www.escolasdesoure.pt\/web\/wp-json\/wp\/v2\/posts\/8090","targetHints":{"allow":["GET"]}}],"collection":[{"href":"https:\/\/www.escolasdesoure.pt\/web\/wp-json\/wp\/v2\/posts"}],"about":[{"href":"https:\/\/www.escolasdesoure.pt\/web\/wp-json\/wp\/v2\/types\/post"}],"author":[{"embeddable":true,"href":"https:\/\/www.escolasdesoure.pt\/web\/wp-json\/wp\/v2\/users\/1"}],"replies":[{"embeddable":true,"href":"https:\/\/www.escolasdesoure.pt\/web\/wp-json\/wp\/v2\/comments?post=8090"}],"version-history":[{"count":2,"href":"https:\/\/www.escolasdesoure.pt\/web\/wp-json\/wp\/v2\/posts\/8090\/revisions"}],"predecessor-version":[{"id":8094,"href":"https:\/\/www.escolasdesoure.pt\/web\/wp-json\/wp\/v2\/posts\/8090\/revisions\/8094"}],"wp:attachment":[{"href":"https:\/\/www.escolasdesoure.pt\/web\/wp-json\/wp\/v2\/media?parent=8090"}],"wp:term":[{"taxonomy":"category","embeddable":true,"href":"https:\/\/www.escolasdesoure.pt\/web\/wp-json\/wp\/v2\/categories?post=8090"},{"taxonomy":"post_tag","embeddable":true,"href":"https:\/\/www.escolasdesoure.pt\/web\/wp-json\/wp\/v2\/tags?post=8090"}],"curies":[{"name":"wp","href":"https:\/\/api.w.org\/{rel}","templated":true}]}}