{"id":6663,"date":"2013-05-20T21:52:32","date_gmt":"2013-05-20T20:52:32","guid":{"rendered":"http:\/\/www.escolasdesoure.pt\/web\/?p=6663"},"modified":"2013-05-20T21:52:44","modified_gmt":"2013-05-20T20:52:44","slug":"por-terras-de-sico","status":"publish","type":"post","link":"https:\/\/www.escolasdesoure.pt\/web\/2013\/05\/por-terras-de-sico\/","title":{"rendered":"Por terras de Sic\u00f3"},"content":{"rendered":"<p style=\"text-align: justify;\">No \u00e2mbito do Projeto Curricular de Turma e das disciplinas de Geografia e Hist\u00f3ria, no passado dia 18 de maio alguns alunos do oitavo ano, turma F, acompanhados dos encarregados de educa\u00e7\u00e3o e\/ou familiares, cinco professores do respetivo conselho de turma, realizaram uma visita de estudo ao concelho de Soure, com os seguintes objetivos:<\/p>\n<ul>\n<li>Conhecer o patrim\u00f3nio cultural, religioso, ambiental e paisag\u00edstico do concelho;<\/li>\n<li>Sensibilizar para a defesa e conserva\u00e7\u00e3o do patrim\u00f3nio;<\/li>\n<li>Contribuir para a tomada de consci\u00eancia da identidade e refor\u00e7o da cidadania;<\/li>\n<li>Articular e aplicar conhecimentos do \u00e2mbito de v\u00e1rias \u00e1reas curriculares;<\/li>\n<li>Desenvolver o sentido de responsabilidade e o trabalho colaborativo;<\/li>\n<li>Envolver os pais e encarregados de educa\u00e7\u00e3o no processo de aprendizagem dos seus educandos.<\/li>\n<li>Fomentar o esp\u00edrito de grupo e o conv\u00edvio entre professores, alunos e encarregados de educa\u00e7\u00e3o;<\/li>\n<\/ul>\n<p style=\"text-align: justify;\">A visita de estudo foi orientada pelo professor Dr. Carlos Silva.<\/p>\n<p style=\"text-align: justify;\">Partiu-se da C\u00e2mara Municipal de Soure (que gentilmente facultou o transporte) por volta das 14.30 horas. O professor Dr. Carlos Silva iniciou a visita com uma breve introdu\u00e7\u00e3o ao Territ\u00f3rio de Sic\u00f3. Foi visitado o castelo do Germanelo e v\u00e1rias dolinas (Quatro Lagoas e Senhora da Estrela). O grupo seguiu atentamente todas as explica\u00e7\u00f5es dadas pelo professor e p\u00f4de mergulhar numa atmosfera de um passado hist\u00f3rico do nosso pa\u00eds, riqu\u00edssimo do ponto de vista cultural e paisag\u00edstico.<\/p>\n<p style=\"text-align: justify;\">Aproximando-se a hora do regresso, 17.30 horas, o grupo desfrutou de um variado lanche partilhado, no parque verde de Soure.<\/p>\n<p style=\"text-align: justify;\">Os objetivos foram alcan\u00e7ados plenamente. Esta visita foi prof\u00edcua na medida em que os alunos tomaram consci\u00eancia da import\u00e2ncia da conserva\u00e7\u00e3o, da valoriza\u00e7\u00e3o e da divulga\u00e7\u00e3o do Territ\u00f3rio de Sic\u00f3 nas perspetivas de sustentabilidade, ambiental, patrimonial e cultural.<\/p>\n<p style=\"text-align: justify;\">H\u00e1 a destacar a forma c\u00edvica como todo o grupo se comportou ao longo de toda a visita, num clima de agrad\u00e1vel conv\u00edvio.<\/p>\n<p><embed type=\"application\/x-shockwave-flash\" src=\"https:\/\/picasaweb.google.com\/s\/c\/bin\/slideshow.swf\" width=\"600\" height=\"400\" flashvars=\"host=picasaweb.google.com&#038;hl=pt_PT&#038;feat=flashalbum&#038;RGB=0x000000&#038;feed=https%3A%2F%2Fpicasaweb.google.com%2Fdata%2Ffeed%2Fapi%2Fuser%2F109071013558652263203%2Falbumid%2F5880162937763982001%3Falt%3Drss%26kind%3Dphoto%26authkey%3DGv1sRgCIn0wMbB7Pq2Sg%26hl%3Dpt_PT\" pluginspage=\"http:\/\/www.macromedia.com\/go\/getflashplayer\"\/><\/p>\n","protected":false},"excerpt":{"rendered":"<p>No \u00e2mbito do Projeto Curricular de Turma e das disciplinas de Geografia e Hist\u00f3ria, no passado dia 18 de maio alguns alunos do oitavo ano,<a href=\"https:\/\/www.escolasdesoure.pt\/web\/2013\/05\/por-terras-de-sico\/\" class=\"more-link\"><span class=\"screen-reader-text\"> &#8220;Por terras de Sic\u00f3&#8221;<\/span><\/a><\/p>\n","protected":false},"author":1,"featured_media":0,"comment_status":"closed","ping_status":"closed","sticky":false,"template":"","format":"standard","meta":{"footnotes":""},"categories":[1],"tags":[47],"class_list":["post-6663","post","type-post","status-publish","format-standard","hentry","category-noticias","tag-visitas-de-estudo"],"_links":{"self":[{"href":"https:\/\/www.escolasdesoure.pt\/web\/wp-json\/wp\/v2\/posts\/6663","targetHints":{"allow":["GET"]}}],"collection":[{"href":"https:\/\/www.escolasdesoure.pt\/web\/wp-json\/wp\/v2\/posts"}],"about":[{"href":"https:\/\/www.escolasdesoure.pt\/web\/wp-json\/wp\/v2\/types\/post"}],"author":[{"embeddable":true,"href":"https:\/\/www.escolasdesoure.pt\/web\/wp-json\/wp\/v2\/users\/1"}],"replies":[{"embeddable":true,"href":"https:\/\/www.escolasdesoure.pt\/web\/wp-json\/wp\/v2\/comments?post=6663"}],"version-history":[{"count":3,"href":"https:\/\/www.escolasdesoure.pt\/web\/wp-json\/wp\/v2\/posts\/6663\/revisions"}],"predecessor-version":[{"id":6667,"href":"https:\/\/www.escolasdesoure.pt\/web\/wp-json\/wp\/v2\/posts\/6663\/revisions\/6667"}],"wp:attachment":[{"href":"https:\/\/www.escolasdesoure.pt\/web\/wp-json\/wp\/v2\/media?parent=6663"}],"wp:term":[{"taxonomy":"category","embeddable":true,"href":"https:\/\/www.escolasdesoure.pt\/web\/wp-json\/wp\/v2\/categories?post=6663"},{"taxonomy":"post_tag","embeddable":true,"href":"https:\/\/www.escolasdesoure.pt\/web\/wp-json\/wp\/v2\/tags?post=6663"}],"curies":[{"name":"wp","href":"https:\/\/api.w.org\/{rel}","templated":true}]}}