{"id":6479,"date":"2013-04-08T16:59:39","date_gmt":"2013-04-08T15:59:39","guid":{"rendered":"http:\/\/www.escolasdesoure.pt\/web\/?p=6479"},"modified":"2013-04-08T17:00:56","modified_gmt":"2013-04-08T16:00:56","slug":"semana-de-informacao-escolar-e-profissional","status":"publish","type":"post","link":"https:\/\/www.escolasdesoure.pt\/web\/2013\/04\/semana-de-informacao-escolar-e-profissional\/","title":{"rendered":"Semana de Informa\u00e7\u00e3o Escolar e Profissional"},"content":{"rendered":"<p style=\"text-align: left;\" align=\"CENTER\"><span style=\"font-family: Arial, sans-serif;\"><span style=\"font-size: small;\"><b><br \/>\n<span style=\"color: #ff0000;\">8 DE ABRIL \u2013 segunda-feira<\/span><\/b><\/span><\/span><\/p>\n<ul>\n<li><span style=\"font-family: Arial, sans-serif; font-size: small;\">Universidade da Beira Interior<\/span><\/li>\n<li><span style=\"font-family: Arial, sans-serif; font-size: small;\">Instituto Polit\u00e9cnico de Bragan\u00e7a<\/span><\/li>\n<li><span style=\"font-family: Arial, sans-serif; font-size: small;\">Instituto Polit\u00e9cnico da Guarda<\/span><\/li>\n<li><span style=\"font-family: Arial, sans-serif; font-size: small;\">Instituto Jean Piaget de Viseu<\/span><\/li>\n<li><span style=\"font-family: Arial, sans-serif; font-size: small;\">Escola Superior de Sa\u00fade do Alcoit\u00e3o<\/span><\/li>\n<li><span style=\"font-family: Arial, sans-serif; font-size: small;\">Escola Superior de Tecnologia da Sa\u00fade de Coimbra<\/span><\/li>\n<\/ul>\n<p><span style=\"font-family: Arial, sans-serif;\"><span style=\"font-size: small;\"><b>14h15<\/b> <b>\u00e0s 15h00<\/b><\/span><\/span><\/p>\n<ul>\n<li>\u201c<span style=\"font-family: Arial, sans-serif;\"><span style=\"font-size: small;\">ISCAC\u201d \u2013 Inst. Sup. de Contabilidade e Administ. de Coimbra:<\/span><\/span>\n<ul>\n<li><span style=\"font-size: small; font-family: Arial, sans-serif;\">Destinat\u00e1rios: 9\u00baA; 9\u00baD;<\/span><\/li>\n<li><span style=\"font-size: small; font-family: Arial, sans-serif;\">Local: Audit\u00f3rio.<\/span><\/li>\n<\/ul>\n<\/li>\n<\/ul>\n<p><b style=\"font-size: small; font-family: Arial, sans-serif;\">15h55<\/b><b style=\"font-size: small; font-family: Arial, sans-serif;\">\u00e0s 16h40<\/b><\/p>\n<ul>\n<li>\u201c<span style=\"font-family: Arial, sans-serif;\"><span style=\"font-size: small;\">ISCAC\u201d \u2013 Inst. Sup. de Contabilidade e Administ. De Coimbra:<\/span><\/span>\n<ul>\n<li><span style=\"font-size: small; font-family: Arial, sans-serif;\">Destinat\u00e1rios: 9\u00baB; 9\u00baC; 9\u00baE;<\/span><\/li>\n<li><span style=\"font-size: small; font-family: Arial, sans-serif;\">Local: Audit\u00f3rio.<\/span><\/li>\n<\/ul>\n<\/li>\n<li>\u00a0<span style=\"font-family: Arial, sans-serif;\"><span style=\"font-size: small;\">Exposi\u00e7\u00e3o de Rob\u00f3tica \u2013 Instituto Superior de Engenharia de Coimbra<\/span><\/span><\/li>\n<\/ul>\n<p><span style=\"color: #ff0000;\">\u00a0<span style=\"font-family: Arial, sans-serif;\"><span style=\"font-size: small;\"><b>9 DE ABRIL \u2013 ter\u00e7a-feira<\/b><\/span><\/span><\/span><\/p>\n<ul>\n<li><span style=\"font-family: Arial, sans-serif;\"><span style=\"font-size: small;\">Instituto Superior Miguel Torga<\/span><\/span><\/li>\n<li><span style=\"font-family: Arial, sans-serif;\"><span style=\"font-size: small;\">Instituto Superior D. Dinis<\/span><\/span><\/li>\n<li><span style=\"font-family: Arial, sans-serif;\"><span style=\"font-size: small;\">Centro de Recrutamento do Ex\u00e9rcito de Coimbra<\/span><\/span><\/li>\n<li><span style=\"font-family: Arial, sans-serif;\"><span style=\"font-size: small;\">Escola Superior Agr\u00e1ria de Coimbra<\/span><\/span><\/li>\n<\/ul>\n<p><span style=\"font-family: Arial, sans-serif;\"><span style=\"font-size: small;\"><b>11h45<\/b> <b>\u00e0s <\/b><b>12h15<\/b><\/span><\/span><\/p>\n<ul>\n<li><span style=\"font-size: small; font-family: Arial, sans-serif;\">\u201cSer Militar\u201d \u2013 Centro de Recrutamento do Ex\u00e9rcito de Coimbra:<\/span>\n<ul>\n<li><span style=\"font-size: small; font-family: Arial, sans-serif;\">Destinat\u00e1rios: 12\u00baA; 12\u00baB; 12\u00baC;<\/span><\/li>\n<li><span style=\"font-size: small; font-family: Arial, sans-serif;\">Local: Audit\u00f3rio.<\/span><\/li>\n<\/ul>\n<\/li>\n<\/ul>\n<p><span style=\"font-family: Arial, sans-serif;\"><span style=\"font-size: small;\"><b>15h10<\/b> <b>\u00e0s <\/b><b>16h40<\/b><\/span><\/span><\/p>\n<ul>\n<li><span style=\"font-size: small; font-family: Arial, sans-serif;\">Sess\u00e3o de Informa\u00e7\u00e3o Escolar e Profissional:<\/span>\n<ul>\n<li><span style=\"font-size: small; font-family: Arial, sans-serif;\">Destinat\u00e1rios: 9\u00baA;<\/span><\/li>\n<li><span style=\"font-size: small; font-family: Arial, sans-serif;\">Local: Sala C1.4.<\/span><\/li>\n<\/ul>\n<\/li>\n<\/ul>\n<p style=\"text-align: left;\" align=\"CENTER\"><span style=\"font-family: Arial, sans-serif; color: #ff0000;\"><span style=\"font-size: small;\"><b>10 DE ABRIL \u2013 quarta-feira<\/b><\/span><\/span><\/p>\n<ul>\n<li><span style=\"font-family: Arial, sans-serif;\"><span style=\"font-size: small;\">Universidade de Aveiro<\/span><\/span><\/li>\n<li><span style=\"font-family: Arial, sans-serif;\"><span style=\"font-size: small;\">ABC do Cabeleireiro \u2013Esc. Profissional de Cabeleireiros de Coimbra<\/span><\/span><\/li>\n<\/ul>\n<p><span style=\"font-family: Arial, sans-serif;\"><span style=\"font-size: small;\"><b>10h05<\/b> <b>\u00e0s 11h35<\/b><\/span><\/span><\/p>\n<ul>\n<li><span style=\"font-size: small; font-family: Arial, sans-serif;\">Sess\u00e3o de Informa\u00e7\u00e3o Escolar e Profissional:<\/span>\n<ul>\n<li><span style=\"font-size: small; font-family: Arial, sans-serif;\">Destinat\u00e1rios: 9\u00baB;<\/span><\/li>\n<li><span style=\"font-size: small; font-family: Arial, sans-serif;\">Local: Sala A2.5.<\/span><\/li>\n<\/ul>\n<\/li>\n<\/ul>\n<p><span style=\"font-family: Arial, sans-serif; color: #ff0000;\"><span style=\"font-size: small;\"><b>11 DE ABRIL \u2013 quinta-feira<\/b><\/span><\/span><\/p>\n<p><span style=\"font-family: Arial, sans-serif;\"><span style=\"font-size: small;\"><b>11h45<\/b> <b>\u00e0s 12h30<\/b><\/span><\/span><\/p>\n<ul>\n<li><span style=\"font-size: small; font-family: Arial, sans-serif;\">Sess\u00e3o de Informa\u00e7\u00e3o Escolar e Profissional:<\/span>\n<ul>\n<li><span style=\"font-size: small; font-family: Arial, sans-serif;\">Destinat\u00e1rios: CEF2;<\/span><\/li>\n<li><span style=\"font-size: small; font-family: Arial, sans-serif;\">Local: Sala C1.7.<\/span><\/li>\n<\/ul>\n<\/li>\n<\/ul>\n<p style=\"text-align: left;\" align=\"CENTER\"><span style=\"font-family: Arial, sans-serif; color: #ff0000;\"><span style=\"font-size: small;\"><b>12 DE ABRIL \u2013 sexta-feira<\/b><\/span><\/span><span style=\"color: #ff0000;\">\u00a0<\/span><\/p>\n<ul>\n<li><span style=\"font-family: Arial, sans-serif;\"><span style=\"font-size: small;\">Faculdade de Letras da Universidade de Coimbra<\/span><\/span><\/li>\n<li><span style=\"font-family: Arial, sans-serif;\"><span style=\"font-size: small;\">Universidade de Coimbra<\/span><\/span><\/li>\n<\/ul>\n<p><span style=\"font-family: Arial, sans-serif;\"><span style=\"font-size: small;\"><b>9h10<\/b> \u00e0s <b>9h50<\/b><\/span><\/span><\/p>\n<ul>\n<li><span style=\"font-size: small; font-family: Arial, sans-serif;\">\u201cSer Militar na For\u00e7a A\u00e9rea\u201d:<\/span>\n<ul>\n<li><span style=\"font-size: small; font-family: Arial, sans-serif;\">Destinat\u00e1rios: 12\u00baA; 12\u00baB; 12\u00baC;<\/span><\/li>\n<li><span style=\"font-size: small; font-family: Arial, sans-serif;\">Local: Audit\u00f3rio.<\/span><\/li>\n<\/ul>\n<\/li>\n<\/ul>\n<p><span style=\"font-family: Arial, sans-serif;\"><span style=\"font-size: small;\"><b>13h30<\/b> <b>\u00e0s 15h00<\/b><\/span><\/span><\/p>\n<ul>\n<li><span style=\"font-size: small; font-family: Arial, sans-serif;\">Sess\u00e3o de Informa\u00e7\u00e3o Escolar e Profissional:<\/span>\n<ul>\n<li><span style=\"font-size: small; font-family: Arial, sans-serif;\">Destinat\u00e1rios: 9\u00baE;<\/span><\/li>\n<li><span style=\"font-size: small; font-family: Arial, sans-serif;\">Local: Sala A2.5.<\/span><\/li>\n<\/ul>\n<\/li>\n<\/ul>\n<p><span style=\"font-family: Arial, sans-serif;\"><span style=\"font-size: small;\"><b>14h15<\/b> <b>\u00e0s 15h00<\/b><\/span><\/span><\/p>\n<ul>\n<li><span style=\"font-size: small; font-family: Arial, sans-serif;\">\u201cSer Enfermeiro\u201d<\/span>\n<ul>\n<li><span style=\"font-size: small; font-family: Arial, sans-serif;\">Destinat\u00e1rios: alunos do Ens. Sec. com interesses na \u00e1rea da sa\u00fade<\/span><\/li>\n<li><span style=\"font-size: small; font-family: Arial, sans-serif;\">Local: Audit\u00f3rio<\/span><\/li>\n<\/ul>\n<\/li>\n<\/ul>\n<table width=\"100%\" cellspacing=\"0\" cellpadding=\"5\" bgcolor=\"#ccffff\">\n<colgroup>\n<col width=\"620\" \/> <\/colgroup>\n<tbody>\n<tr>\n<td valign=\"TOP\" bgcolor=\"#ccffff\" width=\"100%\" height=\"18\">\n<p align=\"LEFT\"><span style=\"font-family: Arial, sans-serif;\"><span style=\"font-size: small;\"><b>8 a 12 de abril: Exposi\u00e7\u00e3o permanente sobre as op\u00e7\u00f5es de forma\u00e7\u00e3o ap\u00f3s o 9\u00ba e 12\u00ba\u00a0<\/b><\/span><\/span><b style=\"font-size: small; font-family: Arial, sans-serif; line-height: 19px;\">anos: Cursos, Escolas e Profiss\u00f5es<\/b><\/p>\n<p align=\"CENTER\"><span style=\"font-family: Arial, sans-serif;\"><span style=\"font-size: small;\"><b>Sess\u00f5es de Informa\u00e7\u00e3o Escolar e Profissional<\/b><\/span><\/span><\/p>\n<p align=\"JUSTIFY\"><span style=\"font-family: Arial, sans-serif;\"><span style=\"font-size: small;\"><b>Nota: as sess\u00f5es de Informa\u00e7\u00e3o Escolar e Profissional com o 9\u00baC e 9\u00baD ser\u00e3o realizadas na semana seguinte<\/b><\/span><\/span><\/p>\n<\/td>\n<\/tr>\n<\/tbody>\n<\/table>\n<p>&nbsp;<\/p>\n","protected":false},"excerpt":{"rendered":"<p>8 DE ABRIL \u2013 segunda-feira Universidade da Beira Interior Instituto Polit\u00e9cnico de Bragan\u00e7a Instituto Polit\u00e9cnico da Guarda Instituto Jean Piaget de Viseu Escola Superior de<a href=\"https:\/\/www.escolasdesoure.pt\/web\/2013\/04\/semana-de-informacao-escolar-e-profissional\/\" class=\"more-link\"><span class=\"screen-reader-text\"> &#8220;Semana de Informa\u00e7\u00e3o Escolar e Profissional&#8221;<\/span><\/a><\/p>\n","protected":false},"author":1,"featured_media":0,"comment_status":"closed","ping_status":"closed","sticky":false,"template":"","format":"standard","meta":{"footnotes":""},"categories":[1],"tags":[],"class_list":["post-6479","post","type-post","status-publish","format-standard","hentry","category-noticias"],"_links":{"self":[{"href":"https:\/\/www.escolasdesoure.pt\/web\/wp-json\/wp\/v2\/posts\/6479","targetHints":{"allow":["GET"]}}],"collection":[{"href":"https:\/\/www.escolasdesoure.pt\/web\/wp-json\/wp\/v2\/posts"}],"about":[{"href":"https:\/\/www.escolasdesoure.pt\/web\/wp-json\/wp\/v2\/types\/post"}],"author":[{"embeddable":true,"href":"https:\/\/www.escolasdesoure.pt\/web\/wp-json\/wp\/v2\/users\/1"}],"replies":[{"embeddable":true,"href":"https:\/\/www.escolasdesoure.pt\/web\/wp-json\/wp\/v2\/comments?post=6479"}],"version-history":[{"count":5,"href":"https:\/\/www.escolasdesoure.pt\/web\/wp-json\/wp\/v2\/posts\/6479\/revisions"}],"predecessor-version":[{"id":6483,"href":"https:\/\/www.escolasdesoure.pt\/web\/wp-json\/wp\/v2\/posts\/6479\/revisions\/6483"}],"wp:attachment":[{"href":"https:\/\/www.escolasdesoure.pt\/web\/wp-json\/wp\/v2\/media?parent=6479"}],"wp:term":[{"taxonomy":"category","embeddable":true,"href":"https:\/\/www.escolasdesoure.pt\/web\/wp-json\/wp\/v2\/categories?post=6479"},{"taxonomy":"post_tag","embeddable":true,"href":"https:\/\/www.escolasdesoure.pt\/web\/wp-json\/wp\/v2\/tags?post=6479"}],"curies":[{"name":"wp","href":"https:\/\/api.w.org\/{rel}","templated":true}]}}