{"id":6289,"date":"2013-02-05T09:21:38","date_gmt":"2013-02-05T09:21:38","guid":{"rendered":"http:\/\/www.escolasdesoure.pt\/web\/?p=6289"},"modified":"2013-02-05T09:28:29","modified_gmt":"2013-02-05T09:28:29","slug":"5-de-fevereiro-dia-da-internet-segura","status":"publish","type":"post","link":"https:\/\/www.escolasdesoure.pt\/web\/2013\/02\/5-de-fevereiro-dia-da-internet-segura\/","title":{"rendered":"5 de Fevereiro &#8211; Dia da Internet Segura"},"content":{"rendered":"<p style=\"text-align: justify;\">Pela s\u00e9tima vez consecutiva (desde 2007), comemora-se o\u00a0<strong>Dia da Internet Segura<\/strong>\u00a0para promover o uso mais seguro e respons\u00e1vel das tecnologias <em>online<\/em> e de telefones m\u00f3veis, especialmente entre as crian\u00e7as e jovens de todo o mundo.\u00a0O tema deste ano \u00e9 &#8220;Liga-te mas com Respeitinho&#8221;.<\/p>\n<p><iframe loading=\"lazy\" src=\"http:\/\/www.youtube.com\/embed\/rYAO0mFBl18\" height=\"360\" width=\"640\" allowfullscreen=\"\" frameborder=\"0\"><\/iframe><\/p>\n<p>Centros Internet Segura em Portugal:<\/p>\n<ul>\n<li><a href=\"www.InternetSegura.pt \" target=\"_blank\">www.InternetSegura.pt\u00a0<\/a>&#8211; informa\u00e7\u00e3o, sensibiliza\u00e7\u00e3o para a popula\u00e7\u00e3o em geral<\/li>\n<li><a href=\"www.seguranet.pt \" target=\"_blank\">www.seguranet.pt\u00a0<\/a>&#8211; consciencializa\u00e7\u00e3o para a comunidade escolar<\/li>\n<li><a href=\"http:\/\/linhaalerta.internetsegura.pt\" target=\"_blank\">http:\/\/linhaalerta.internetsegura.pt<\/a>\u00a0&#8211; linha direta para denunciar conte\u00fados ilegais ou prejudiciais<\/li>\n<\/ul>\n<p style=\"text-align: center;\"><img decoding=\"async\" class=\"aligncenter\" alt=\"\" src=\"http:\/\/www.saferinternetday.org\/image\/image_gallery?uuid=33544349-70e5-4c72-af01-932f728820b2&amp;groupId=10136&amp;t=1348645152146\" width=\"466\" height=\"368\" \/><\/p>\n","protected":false},"excerpt":{"rendered":"<p>Pela s\u00e9tima vez consecutiva (desde 2007), comemora-se o\u00a0Dia da Internet Segura\u00a0para promover o uso mais seguro e respons\u00e1vel das tecnologias online e de telefones m\u00f3veis,<a href=\"https:\/\/www.escolasdesoure.pt\/web\/2013\/02\/5-de-fevereiro-dia-da-internet-segura\/\" class=\"more-link\"><span class=\"screen-reader-text\"> &#8220;5 de Fevereiro &#8211; Dia da Internet Segura&#8221;<\/span><\/a><\/p>\n","protected":false},"author":1,"featured_media":0,"comment_status":"closed","ping_status":"closed","sticky":false,"template":"","format":"standard","meta":{"footnotes":""},"categories":[64],"tags":[],"class_list":["post-6289","post","type-post","status-publish","format-standard","hentry","category-dicastic"],"_links":{"self":[{"href":"https:\/\/www.escolasdesoure.pt\/web\/wp-json\/wp\/v2\/posts\/6289","targetHints":{"allow":["GET"]}}],"collection":[{"href":"https:\/\/www.escolasdesoure.pt\/web\/wp-json\/wp\/v2\/posts"}],"about":[{"href":"https:\/\/www.escolasdesoure.pt\/web\/wp-json\/wp\/v2\/types\/post"}],"author":[{"embeddable":true,"href":"https:\/\/www.escolasdesoure.pt\/web\/wp-json\/wp\/v2\/users\/1"}],"replies":[{"embeddable":true,"href":"https:\/\/www.escolasdesoure.pt\/web\/wp-json\/wp\/v2\/comments?post=6289"}],"version-history":[{"count":9,"href":"https:\/\/www.escolasdesoure.pt\/web\/wp-json\/wp\/v2\/posts\/6289\/revisions"}],"predecessor-version":[{"id":6297,"href":"https:\/\/www.escolasdesoure.pt\/web\/wp-json\/wp\/v2\/posts\/6289\/revisions\/6297"}],"wp:attachment":[{"href":"https:\/\/www.escolasdesoure.pt\/web\/wp-json\/wp\/v2\/media?parent=6289"}],"wp:term":[{"taxonomy":"category","embeddable":true,"href":"https:\/\/www.escolasdesoure.pt\/web\/wp-json\/wp\/v2\/categories?post=6289"},{"taxonomy":"post_tag","embeddable":true,"href":"https:\/\/www.escolasdesoure.pt\/web\/wp-json\/wp\/v2\/tags?post=6289"}],"curies":[{"name":"wp","href":"https:\/\/api.w.org\/{rel}","templated":true}]}}