{"id":6274,"date":"2013-01-21T22:20:14","date_gmt":"2013-01-21T22:20:14","guid":{"rendered":"http:\/\/www.escolasdesoure.pt\/web\/?p=6274"},"modified":"2013-01-21T22:22:45","modified_gmt":"2013-01-21T22:22:45","slug":"exposicao-ler-ver-e-observar-de-perto-2","status":"publish","type":"post","link":"https:\/\/www.escolasdesoure.pt\/web\/2013\/01\/exposicao-ler-ver-e-observar-de-perto-2\/","title":{"rendered":"Exposi\u00e7\u00e3o LER, &#8220;Ver&#8221; e &#8220;Observar de perto&#8221;"},"content":{"rendered":"<p style=\"text-align: justify;\">No per\u00edodo de 03 a 14 de dezembro a escola EB1-2 recebeu a exposi\u00e7\u00e3o LER, \u00abVer\u00bb e \u00abObservar de perto\u00bb composta por ilustra\u00e7\u00f5es de Sara Cunha, co autora do livro \u00abEncrava-L\u00ednguas\u00bb.<br \/>\nA exposi\u00e7\u00e3o constituiu uma ferramenta adequada para suscitar e promover a educa\u00e7\u00e3o liter\u00e1ria e est\u00e9tica tendo sido explorada, em contexto curricular, no \u00e2mbito da disciplina de Educa\u00e7\u00e3o Art\u00edstica. A visita interativa \u00e0 exposi\u00e7\u00e3o proporcionou aos alunos uma utiliza\u00e7\u00e3o l\u00fadica dos elementos b\u00e1sicos da comunica\u00e7\u00e3o: as palavras, os movimentos, os toques, os sons, os ritmos e as imagens e promoveu tamb\u00e9m momentos de partilha, aceita\u00e7\u00e3o e integra\u00e7\u00e3o, uma vez que foi explorada em equipas formadas por alunos de diferentes turmas. Os alunos participaram ativamente na explora\u00e7\u00e3o das imagens, demonstraram muito interesse e entusiasmo nas diferentes etapas programadas e atingiram um dos objetivos da atividade: olhar e ver.<br \/>\nNa sequ\u00eancia desta atividade, a autora Sara Cunha visitou a escola e dinamizou v\u00e1rias sess\u00f5es sobre o livro \u00abEncrava-l\u00ednguas\u00bb e sobre o seu trabalho como ilustradora. Os alunos participaram de forma interventiva nas sess\u00f5es com leituras v\u00e1rias e com um momento musical ensaiado nas aulas de Educa\u00e7\u00e3o Musical. No decurso das sess\u00f5es foram tamb\u00e9m entregues os pr\u00e9mios do concurso de Marcadores de Leitura elaborados nas aulas de Educa\u00e7\u00e3o Visual e de L\u00edngua Portuguesa.<\/p>\n<p>\n<embed type=\"application\/x-shockwave-flash\" src=\"https:\/\/picasaweb.google.com\/s\/c\/bin\/slideshow.swf\" width=\"600\" height=\"400\" flashvars=\"host=picasaweb.google.com&#038;hl=pt_BR&#038;feat=flashalbum&#038;RGB=0x000000&#038;feed=https%3A%2F%2Fpicasaweb.google.com%2Fdata%2Ffeed%2Fapi%2Fuser%2F107901553981598501835%2Falbumid%2F5830694963922973345%3Falt%3Drss%26kind%3Dphoto%26authkey%3DGv1sRgCPSgsNah_8TtVA%26hl%3Dpt_BR\" pluginspage=\"http:\/\/www.macromedia.com\/go\/getflashplayer\"\/><\/p>\n<p><embed type=\"application\/x-shockwave-flash\" src=\"https:\/\/picasaweb.google.com\/s\/c\/bin\/slideshow.swf\" width=\"600\" height=\"400\" flashvars=\"host=picasaweb.google.com&#038;hl=pt_BR&#038;feat=flashalbum&#038;RGB=0x000000&#038;feed=https%3A%2F%2Fpicasaweb.google.com%2Fdata%2Ffeed%2Fapi%2Fuser%2F107901553981598501835%2Falbumid%2F5823211334295809889%3Falt%3Drss%26kind%3Dphoto%26hl%3Dpt_BR\" pluginspage=\"http:\/\/www.macromedia.com\/go\/getflashplayer\"\/><\/p>\n","protected":false},"excerpt":{"rendered":"<p>No per\u00edodo de 03 a 14 de dezembro a escola EB1-2 recebeu a exposi\u00e7\u00e3o LER, \u00abVer\u00bb e \u00abObservar de perto\u00bb composta por ilustra\u00e7\u00f5es de Sara<a href=\"https:\/\/www.escolasdesoure.pt\/web\/2013\/01\/exposicao-ler-ver-e-observar-de-perto-2\/\" class=\"more-link\"><span class=\"screen-reader-text\"> &#8220;Exposi\u00e7\u00e3o LER, &#8220;Ver&#8221; e &#8220;Observar de perto&#8221;&#8221;<\/span><\/a><\/p>\n","protected":false},"author":1,"featured_media":0,"comment_status":"closed","ping_status":"closed","sticky":false,"template":"","format":"standard","meta":{"footnotes":""},"categories":[1],"tags":[46],"class_list":["post-6274","post","type-post","status-publish","format-standard","hentry","category-noticias","tag-biblioteca"],"_links":{"self":[{"href":"https:\/\/www.escolasdesoure.pt\/web\/wp-json\/wp\/v2\/posts\/6274","targetHints":{"allow":["GET"]}}],"collection":[{"href":"https:\/\/www.escolasdesoure.pt\/web\/wp-json\/wp\/v2\/posts"}],"about":[{"href":"https:\/\/www.escolasdesoure.pt\/web\/wp-json\/wp\/v2\/types\/post"}],"author":[{"embeddable":true,"href":"https:\/\/www.escolasdesoure.pt\/web\/wp-json\/wp\/v2\/users\/1"}],"replies":[{"embeddable":true,"href":"https:\/\/www.escolasdesoure.pt\/web\/wp-json\/wp\/v2\/comments?post=6274"}],"version-history":[{"count":3,"href":"https:\/\/www.escolasdesoure.pt\/web\/wp-json\/wp\/v2\/posts\/6274\/revisions"}],"predecessor-version":[{"id":6277,"href":"https:\/\/www.escolasdesoure.pt\/web\/wp-json\/wp\/v2\/posts\/6274\/revisions\/6277"}],"wp:attachment":[{"href":"https:\/\/www.escolasdesoure.pt\/web\/wp-json\/wp\/v2\/media?parent=6274"}],"wp:term":[{"taxonomy":"category","embeddable":true,"href":"https:\/\/www.escolasdesoure.pt\/web\/wp-json\/wp\/v2\/categories?post=6274"},{"taxonomy":"post_tag","embeddable":true,"href":"https:\/\/www.escolasdesoure.pt\/web\/wp-json\/wp\/v2\/tags?post=6274"}],"curies":[{"name":"wp","href":"https:\/\/api.w.org\/{rel}","templated":true}]}}