{"id":5438,"date":"2012-06-02T09:58:32","date_gmt":"2012-06-02T08:58:32","guid":{"rendered":"http:\/\/www.escolasdesoure.pt\/web\/?p=5438"},"modified":"2012-07-18T16:39:12","modified_gmt":"2012-07-18T15:39:12","slug":"rede-escolar-20122013","status":"publish","type":"post","link":"https:\/\/www.escolasdesoure.pt\/web\/2012\/06\/rede-escolar-20122013\/","title":{"rendered":"Rede Escolar 2012\/2013"},"content":{"rendered":"<p align=\"JUSTIFY\"><strong style=\"font-size: large; font-family: Cambria, serif; color: #943634;\">Ensino Pr\u00e9-Escolar<\/strong><\/p>\n<p align=\"JUSTIFY\"><strong style=\"font-size: large; font-family: Cambria, serif; color: #943634;\">Ensino B\u00e1sico (1\u00ba, 2\u00ba e 3\u00ba ciclos)<\/strong><\/p>\n<p align=\"JUSTIFY\"><strong style=\"font-size: large; font-family: Cambria, serif; color: #943634;\">Ensino Secund\u00e1rio<\/strong><\/p>\n<ul>\n<li><strong style=\"font-size: medium;\">Curso Cient\u00edfico Human\u00edstico de Ci\u00eancias e Tecnologias<\/strong><\/li>\n<\/ul>\n<p align=\"JUSTIFY\"><span style=\"color: #943634;\"><span style=\"font-family: Cambria, serif;\"><span style=\"font-size: large;\"><strong>Ensino Profissional<\/strong><\/span><\/span><\/span><\/p>\n<ul>\n<li><strong style=\"font-size: medium;\">T\u00e9cnico de Energias Renov\u00e1veis<\/strong><span style=\"font-size: medium;\"><strong>\u00a0\/ Sistemas Solares<\/strong> (12\u00ba ano)<\/span><\/li>\n<li><strong style=\"font-size: medium;\">T\u00e9cnico de Manuten\u00e7\u00e3o Industrial <\/strong><span style=\"font-size: medium;\">(10\u00ba ano)<\/span><\/li>\n<li><strong style=\"font-size: medium;\">T\u00e9cnico Multim\u00e9dia <\/strong><span style=\"font-size: medium;\">(10\u00ba e 11\u00ba ano) (<a href=\"http:\/\/multimedia-aes.blogspot.pt\/\" target=\"_blank\">blog do curso<\/a>)<\/span><\/li>\n<li><strong style=\"font-size: medium;\">T\u00e9cnico de restaurante\/Bar <\/strong><span style=\"font-size: medium;\">(11\u00ba e 12 ano)<\/span><\/li>\n<li><strong style=\"font-size: medium;\">T\u00e9cnico de Anima\u00e7\u00e3o Sociocultural <\/strong><span style=\"font-size: medium;\">(12\u00ba ano)<\/span><\/li>\n<\/ul>\n<p align=\"JUSTIFY\"><span style=\"color: #943634;\"><span style=\"font-family: 'Cambria Math', serif;\"><span style=\"font-size: large;\"><strong>Educa\u00e7\u00e3o e Forma\u00e7\u00e3o de Adultos<\/strong><\/span><\/span><\/span><\/p>\n<ul>\n<li><strong style=\"font-size: medium;\">Empregado de Mesa <\/strong><span style=\"font-size: medium;\">(3\u00ba Ciclo)<\/span><\/li>\n<li><strong style=\"font-size: medium;\">T\u00e9cnico de Turismo Ambiental e Rural <\/strong><span style=\"font-size: medium;\">(secund\u00e1rio)<\/span><\/li>\n<\/ul>\n<p align=\"JUSTIFY\"><span style=\"color: #943634;\"><span style=\"font-family: 'Cambria Math', serif;\"><span style=\"font-size: large;\"><strong>Centro Novas Oportunidades (CNO) <\/strong><\/span><\/span><\/span><\/p>\n<p align=\"JUSTIFY\"><span style=\"color: #943634;\"><span style=\"font-family: 'Cambria Math', serif;\"><span style=\"font-size: large;\"><strong>Forma\u00e7\u00e3o Modular<\/strong><\/span><\/span><\/span><\/p>\n<p align=\"JUSTIFY\"><span style=\"color: #943634;\"><span style=\"font-family: 'Cambria Math', serif;\"><span style=\"font-size: large;\"><strong>Ensino Recorrente<\/strong><\/span><\/span><\/span><\/p>\n<p align=\"JUSTIFY\"><span style=\"color: #943634;\"><span style=\"font-family: 'Cambria Math', serif;\"><span style=\"font-size: large;\"><strong>Cursos\u00a0<\/strong><strong>financiados (com direito a bolsa)<\/strong>\u00a0e desenvolvidos em articula\u00e7\u00e3o com o Centro de Forma\u00e7\u00e3o do Instituto de Emprego e Forma\u00e7\u00e3o Profissional de Coimbra.<\/span><\/span><\/span><\/p>\n<ul>\n<li><strong style=\"font-size: medium;\">T\u00e9cnico de Vendas (N\u00edvel 4)<\/strong><\/li>\n<li><strong style=\"font-size: medium;\">T\u00e9cnico de Manuten\u00e7\u00e3o Industrial (N\u00edvel 4)<\/strong><\/li>\n<\/ul>\n","protected":false},"excerpt":{"rendered":"<p>Ensino Pr\u00e9-Escolar Ensino B\u00e1sico (1\u00ba, 2\u00ba e 3\u00ba ciclos) Ensino Secund\u00e1rio Curso Cient\u00edfico Human\u00edstico de Ci\u00eancias e Tecnologias Ensino Profissional T\u00e9cnico de Energias Renov\u00e1veis\u00a0\/ Sistemas<a href=\"https:\/\/www.escolasdesoure.pt\/web\/2012\/06\/rede-escolar-20122013\/\" class=\"more-link\"><span class=\"screen-reader-text\"> &#8220;Rede Escolar 2012\/2013&#8221;<\/span><\/a><\/p>\n","protected":false},"author":1,"featured_media":0,"comment_status":"closed","ping_status":"closed","sticky":false,"template":"","format":"standard","meta":{"footnotes":""},"categories":[1],"tags":[],"class_list":["post-5438","post","type-post","status-publish","format-standard","hentry","category-noticias"],"_links":{"self":[{"href":"https:\/\/www.escolasdesoure.pt\/web\/wp-json\/wp\/v2\/posts\/5438","targetHints":{"allow":["GET"]}}],"collection":[{"href":"https:\/\/www.escolasdesoure.pt\/web\/wp-json\/wp\/v2\/posts"}],"about":[{"href":"https:\/\/www.escolasdesoure.pt\/web\/wp-json\/wp\/v2\/types\/post"}],"author":[{"embeddable":true,"href":"https:\/\/www.escolasdesoure.pt\/web\/wp-json\/wp\/v2\/users\/1"}],"replies":[{"embeddable":true,"href":"https:\/\/www.escolasdesoure.pt\/web\/wp-json\/wp\/v2\/comments?post=5438"}],"version-history":[{"count":17,"href":"https:\/\/www.escolasdesoure.pt\/web\/wp-json\/wp\/v2\/posts\/5438\/revisions"}],"predecessor-version":[{"id":5662,"href":"https:\/\/www.escolasdesoure.pt\/web\/wp-json\/wp\/v2\/posts\/5438\/revisions\/5662"}],"wp:attachment":[{"href":"https:\/\/www.escolasdesoure.pt\/web\/wp-json\/wp\/v2\/media?parent=5438"}],"wp:term":[{"taxonomy":"category","embeddable":true,"href":"https:\/\/www.escolasdesoure.pt\/web\/wp-json\/wp\/v2\/categories?post=5438"},{"taxonomy":"post_tag","embeddable":true,"href":"https:\/\/www.escolasdesoure.pt\/web\/wp-json\/wp\/v2\/tags?post=5438"}],"curies":[{"name":"wp","href":"https:\/\/api.w.org\/{rel}","templated":true}]}}