{"id":5400,"date":"2012-05-30T10:00:15","date_gmt":"2012-05-30T09:00:15","guid":{"rendered":"http:\/\/www.escolasdesoure.pt\/web\/?p=5400"},"modified":"2013-06-04T23:01:22","modified_gmt":"2013-06-04T22:01:22","slug":"tecnico-de-multimedia-exposicao-virtual-de-trabalhos-2","status":"publish","type":"post","link":"https:\/\/www.escolasdesoure.pt\/web\/2012\/05\/tecnico-de-multimedia-exposicao-virtual-de-trabalhos-2\/","title":{"rendered":"T\u00e9cnico de Multim\u00e9dia: Exposi\u00e7\u00e3o Virtual de Trabalhos"},"content":{"rendered":"<p style=\"text-align: justify;\">Divulgam-se os trabalhos elaborados pelos alunos do\u00a0<a href=\"http:\/\/multimedia-aes.blogspot.pt\/\" target=\"_blank\">Curso Profissional de T\u00e9cnico de Multim\u00e9dia<\/a>, \u00a0no \u00e2mbito da disciplina de T\u00e9cnicas de Multim\u00e9dia, que permitiu aos alunos\u00a0aprofundarem e consolidarem compet\u00eancias em constru\u00e7\u00e3o de anima\u00e7\u00f5es 2D.<\/p>\n<p style=\"text-align: justify;\"><a href=\"http:\/\/youtu.be\/OVUjve2iYMk\" target=\"_blank\" data-sessionlink=\"context=C4b22ba3VDvjVQa1PpcFOgD46aq1cGjy8FW2IJ88vrj2pVQBQstIg%3D\"><img decoding=\"async\" src=\"http:\/\/i4.ytimg.com\/vi\/OVUjve2iYMk\/mqdefault.jpg\" alt=\"Miniatura\" width=\"210\" height=\"120\" \/><\/a>\u00a0<a href=\"http:\/\/youtu.be\/X6vm2bXbxlM\" target=\"_blank\" data-sessionlink=\"context=C4d194b5VDvjVQa1PpcFOgD46aq1cGj4KGrv85toEyqZHHHvkv2oE%3D\"><img decoding=\"async\" src=\"http:\/\/i1.ytimg.com\/vi\/X6vm2bXbxlM\/mqdefault.jpg\" alt=\"Miniatura\" width=\"210\" height=\"120\" \/><\/a>\u00a0<a href=\"http:\/\/youtu.be\/tAoGrB0hQ50\" target=\"_blank\"><img decoding=\"async\" src=\"http:\/\/i1.ytimg.com\/vi\/tAoGrB0hQ50\/mqdefault.jpg\" alt=\"Miniatura\" width=\"210\" height=\"120\" \/><\/a><\/p>\n<div><a href=\"http:\/\/youtu.be\/nMS7O_uWhrw\" target=\"_blank\" data-sessionlink=\"context=C4a9a32fVDvjVQa1PpcFOgD46aq1cGjzvtDw70m0Ej2KtmgjQ8jJM%3D\"><img decoding=\"async\" src=\"http:\/\/i3.ytimg.com\/vi\/nMS7O_uWhrw\/mqdefault.jpg\" alt=\"Miniatura\" width=\"210\" height=\"120\" \/><\/a>\u00a0<a href=\"http:\/\/youtu.be\/FaK5WF9niak\" target=\"_blank\" data-sessionlink=\"context=C4f36415VDvjVQa1PpcFOgD46aq1cGjzhd0jf079uXQFVf3h9Wl84%3D\"><img decoding=\"async\" src=\"http:\/\/i3.ytimg.com\/vi\/FaK5WF9niak\/mqdefault.jpg\" alt=\"Miniatura\" width=\"210\" height=\"120\" \/><\/a>\u00a0<a href=\"http:\/\/youtu.be\/SFwys3RPTkk\" target=\"_blank\"><img decoding=\"async\" src=\"http:\/\/i4.ytimg.com\/vi\/SFwys3RPTkk\/mqdefault.jpg\" alt=\"Miniatura\" width=\"210\" height=\"120\" \/><\/a><\/div>\n<div><a href=\"http:\/\/youtu.be\/jd_6EPGXlc4\" target=\"_blank\"><img decoding=\"async\" src=\"http:\/\/i3.ytimg.com\/vi\/jd_6EPGXlc4\/mqdefault.jpg\" alt=\"Miniatura\" width=\"210\" height=\"120\" \/><\/a>\u00a0<a href=\"http:\/\/youtu.be\/YmgZi9t135k\" target=\"_blank\"><img decoding=\"async\" src=\"http:\/\/i2.ytimg.com\/vi\/YmgZi9t135k\/mqdefault.jpg\" alt=\"Miniatura\" width=\"210\" height=\"120\" \/><\/a>\u00a0<a href=\"http:\/\/youtu.be\/QWKNBB9iMFE\" target=\"_blank\"><img decoding=\"async\" src=\"http:\/\/i2.ytimg.com\/vi\/QWKNBB9iMFE\/mqdefault.jpg\" alt=\"Miniatura\" width=\"210\" height=\"120\" \/><\/a><\/div>\n<div><a href=\"http:\/\/youtu.be\/y6FKwytt3ww\" target=\"_blank\" data-sessionlink=\"context=C46d8ddaVDvjVQa1PpcFOgD46aq1cGj93JA6-5nIewQZUEhTG6mhU%3D\"><img decoding=\"async\" src=\"http:\/\/i2.ytimg.com\/vi\/y6FKwytt3ww\/mqdefault.jpg\" alt=\"Miniatura\" width=\"210\" height=\"120\" \/><\/a><\/div>\n<div><\/div>\n<div>No blog do curso, em\u00a0<a href=\"http:\/\/multimedia-aes.blogspot.pt\/\" target=\"_blank\">\u00a0http:\/\/multimedia-aes.blogspot.pt\/<\/a>, podem ser visualizados outros trabalhos realizados pelos alunos,\u00a0para al\u00e9m de informa\u00e7\u00f5es relacionadas com o pr\u00f3prio curso (apresenta\u00e7\u00e3o, plano de estudos e sa\u00eddas profissionais).<\/div>\n","protected":false},"excerpt":{"rendered":"<p>Divulgam-se os trabalhos elaborados pelos alunos do\u00a0Curso Profissional de T\u00e9cnico de Multim\u00e9dia, \u00a0no \u00e2mbito da disciplina de T\u00e9cnicas de Multim\u00e9dia, que permitiu aos alunos\u00a0aprofundarem e<a href=\"https:\/\/www.escolasdesoure.pt\/web\/2012\/05\/tecnico-de-multimedia-exposicao-virtual-de-trabalhos-2\/\" class=\"more-link\"><span class=\"screen-reader-text\"> &#8220;T\u00e9cnico de Multim\u00e9dia: Exposi\u00e7\u00e3o Virtual de Trabalhos&#8221;<\/span><\/a><\/p>\n","protected":false},"author":1,"featured_media":0,"comment_status":"closed","ping_status":"closed","sticky":false,"template":"","format":"standard","meta":{"footnotes":""},"categories":[1],"tags":[63,222],"class_list":["post-5400","post","type-post","status-publish","format-standard","hentry","category-noticias","tag-exposicoes","tag-tecnico-multimedia"],"_links":{"self":[{"href":"https:\/\/www.escolasdesoure.pt\/web\/wp-json\/wp\/v2\/posts\/5400","targetHints":{"allow":["GET"]}}],"collection":[{"href":"https:\/\/www.escolasdesoure.pt\/web\/wp-json\/wp\/v2\/posts"}],"about":[{"href":"https:\/\/www.escolasdesoure.pt\/web\/wp-json\/wp\/v2\/types\/post"}],"author":[{"embeddable":true,"href":"https:\/\/www.escolasdesoure.pt\/web\/wp-json\/wp\/v2\/users\/1"}],"replies":[{"embeddable":true,"href":"https:\/\/www.escolasdesoure.pt\/web\/wp-json\/wp\/v2\/comments?post=5400"}],"version-history":[{"count":30,"href":"https:\/\/www.escolasdesoure.pt\/web\/wp-json\/wp\/v2\/posts\/5400\/revisions"}],"predecessor-version":[{"id":6725,"href":"https:\/\/www.escolasdesoure.pt\/web\/wp-json\/wp\/v2\/posts\/5400\/revisions\/6725"}],"wp:attachment":[{"href":"https:\/\/www.escolasdesoure.pt\/web\/wp-json\/wp\/v2\/media?parent=5400"}],"wp:term":[{"taxonomy":"category","embeddable":true,"href":"https:\/\/www.escolasdesoure.pt\/web\/wp-json\/wp\/v2\/categories?post=5400"},{"taxonomy":"post_tag","embeddable":true,"href":"https:\/\/www.escolasdesoure.pt\/web\/wp-json\/wp\/v2\/tags?post=5400"}],"curies":[{"name":"wp","href":"https:\/\/api.w.org\/{rel}","templated":true}]}}