{"id":4967,"date":"2012-03-21T08:58:07","date_gmt":"2012-03-21T08:58:07","guid":{"rendered":"http:\/\/www.escolasdesoure.pt\/web\/?p=4967"},"modified":"2012-03-21T10:13:06","modified_gmt":"2012-03-21T10:13:06","slug":"tecnico-de-multimedia-exposicao-virtual-de-trabalhos","status":"publish","type":"post","link":"https:\/\/www.escolasdesoure.pt\/web\/2012\/03\/tecnico-de-multimedia-exposicao-virtual-de-trabalhos\/","title":{"rendered":"T\u00e9cnico de Multim\u00e9dia: Exposi\u00e7\u00e3o Virtual de Trabalhos"},"content":{"rendered":"<p style=\"text-align: justify;\"><a href=\"http:\/\/multimedia-aes.blogspot.pt\/\" target=\"_blank\"><img decoding=\"async\" class=\"alignright size-full wp-image-4982\" title=\"customLogo\" src=\"http:\/\/www.escolasdesoure.pt\/web\/wp-content\/uploads\/2012\/03\/customLogo.jpg\" alt=\"\" width=\"200\" height=\"110\" \/><\/a>Divulgam-se os trabalhos elaborados pelos alunos do <a href=\"http:\/\/multimedia-aes.blogspot.pt\/\" target=\"_blank\">Curso Profissional de T\u00e9cnico de Multim\u00e9dia<\/a>, \u00a0no \u00e2mbito da disciplina de T\u00e9cnicas de Multim\u00e9dia, que permitiu aos alunos\u00a0aprofundarem e consolidarem compet\u00eancias em\u00a0edi\u00e7\u00e3o de \u00a0imagem vetorial.<\/p>\n<p style=\"text-align: justify;\">No blog do curso, em <a href=\"http:\/\/multimedia-aes.blogspot.pt\/\" target=\"_blank\">\u00a0http:\/\/multimedia-aes.blogspot.pt\/<\/a>, podem ser visualizados outros trabalhos realizados pelos alunos,\u00a0para al\u00e9m de informa\u00e7\u00f5es relacionadas com o pr\u00f3prio curso (apresenta\u00e7\u00e3o, plano de estudos e sa\u00eddas profissionais).<\/p>\n<p>[slideshow id=53]<\/p>\n<p style=\"text-align: right;\">Jo\u00e3o Sim\u00f5es<\/p>\n","protected":false},"excerpt":{"rendered":"<p>Divulgam-se os trabalhos elaborados pelos alunos do Curso Profissional de T\u00e9cnico de Multim\u00e9dia, \u00a0no \u00e2mbito da disciplina de T\u00e9cnicas de Multim\u00e9dia, que permitiu aos alunos\u00a0aprofundarem<a href=\"https:\/\/www.escolasdesoure.pt\/web\/2012\/03\/tecnico-de-multimedia-exposicao-virtual-de-trabalhos\/\" class=\"more-link\"><span class=\"screen-reader-text\"> &#8220;T\u00e9cnico de Multim\u00e9dia: Exposi\u00e7\u00e3o Virtual de Trabalhos&#8221;<\/span><\/a><\/p>\n","protected":false},"author":1,"featured_media":0,"comment_status":"closed","ping_status":"closed","sticky":false,"template":"","format":"standard","meta":{"footnotes":""},"categories":[1],"tags":[222],"class_list":["post-4967","post","type-post","status-publish","format-standard","hentry","category-noticias","tag-tecnico-multimedia"],"_links":{"self":[{"href":"https:\/\/www.escolasdesoure.pt\/web\/wp-json\/wp\/v2\/posts\/4967","targetHints":{"allow":["GET"]}}],"collection":[{"href":"https:\/\/www.escolasdesoure.pt\/web\/wp-json\/wp\/v2\/posts"}],"about":[{"href":"https:\/\/www.escolasdesoure.pt\/web\/wp-json\/wp\/v2\/types\/post"}],"author":[{"embeddable":true,"href":"https:\/\/www.escolasdesoure.pt\/web\/wp-json\/wp\/v2\/users\/1"}],"replies":[{"embeddable":true,"href":"https:\/\/www.escolasdesoure.pt\/web\/wp-json\/wp\/v2\/comments?post=4967"}],"version-history":[{"count":33,"href":"https:\/\/www.escolasdesoure.pt\/web\/wp-json\/wp\/v2\/posts\/4967\/revisions"}],"predecessor-version":[{"id":5007,"href":"https:\/\/www.escolasdesoure.pt\/web\/wp-json\/wp\/v2\/posts\/4967\/revisions\/5007"}],"wp:attachment":[{"href":"https:\/\/www.escolasdesoure.pt\/web\/wp-json\/wp\/v2\/media?parent=4967"}],"wp:term":[{"taxonomy":"category","embeddable":true,"href":"https:\/\/www.escolasdesoure.pt\/web\/wp-json\/wp\/v2\/categories?post=4967"},{"taxonomy":"post_tag","embeddable":true,"href":"https:\/\/www.escolasdesoure.pt\/web\/wp-json\/wp\/v2\/tags?post=4967"}],"curies":[{"name":"wp","href":"https:\/\/api.w.org\/{rel}","templated":true}]}}