{"id":4101,"date":"2011-10-20T11:34:26","date_gmt":"2011-10-20T10:34:26","guid":{"rendered":"http:\/\/www.escolasdesoure.pt\/web\/?p=4101"},"modified":"2011-10-20T11:34:26","modified_gmt":"2011-10-20T10:34:26","slug":"o-que-muda-na-ortografia-do-portugues","status":"publish","type":"post","link":"https:\/\/www.escolasdesoure.pt\/web\/2011\/10\/o-que-muda-na-ortografia-do-portugues\/","title":{"rendered":"O que muda na ortografia do portugu\u00eas?"},"content":{"rendered":"<p style=\"text-align: justify;\">Minissaia?! janeiro?! primavera?! Objeto?! \u00d3timo!?<a href=\"http:\/\/www.escolasdesoure.pt\/web\/wp-content\/uploads\/2011\/10\/1.png\"><img decoding=\"async\" class=\"alignright size-full wp-image-4102\" title=\"1\" src=\"http:\/\/www.escolasdesoure.pt\/web\/wp-content\/uploads\/2011\/10\/1.png\" alt=\"\" width=\"158\" height=\"175\" \/><\/a><br \/>\nS\u00e3o erros ortogr\u00e1ficos? N\u00e3o, s\u00e3o palavras escritas ao abrigo do Acordo Ortogr\u00e1fico!<br \/>\nNo dia 12 de outubro decorreram no Audit\u00f3rio da nossa escola duas sess\u00f5es dedicadas a este tema \u2013 as mudan\u00e7as na ortografia do portugu\u00eas. Foram dinamizadas pela doutora Ana Teresa Peixinho, professora da Faculdade de Letras da Universidade de Coimbra, que nos veio falar sobre o assunto.<br \/>\nUma das sess\u00f5es foi dirigida aos professores e a outra a pais e encarregados de educa\u00e7\u00e3o. Ambas foram muito participadas, tendo o p\u00fablico presente colocado d\u00favidas muito pertinentes e feito algumas observa\u00e7\u00f5es reveladoras de interesse pelo assunto em an\u00e1lise.<br \/>\nFic\u00e1mos esclarecidos? Pensamos que sim!<br \/>\nAinda temos d\u00favidas? Claro que sim!<br \/>\nVamos conseguir escrever sem erros ortogr\u00e1ficos? \u00c9 evidente que sim!<br \/>\nPodemos esclarecer d\u00favidas e confirmar a nova grafia utilizando um prontu\u00e1rio ortogr\u00e1fico actualizado ou o portal da l\u00edngua portuguesa em <a href=\"http:\/\/portaldalinguaportuguesa.org\" target=\"_blank\">portaldalinguaportuguesa.org<\/a>.<\/p>\n<p style=\"text-align: right;\">Departamento de L\u00ednguas<br \/>\nAs professoras organizadoras<br \/>\nAna Prata, Isabel Elias e Paula Vieira<\/p>\n","protected":false},"excerpt":{"rendered":"<p>Minissaia?! janeiro?! primavera?! Objeto?! \u00d3timo!? S\u00e3o erros ortogr\u00e1ficos? N\u00e3o, s\u00e3o palavras escritas ao abrigo do Acordo Ortogr\u00e1fico! No dia 12 de outubro decorreram no Audit\u00f3rio<a href=\"https:\/\/www.escolasdesoure.pt\/web\/2011\/10\/o-que-muda-na-ortografia-do-portugues\/\" class=\"more-link\"><span class=\"screen-reader-text\"> &#8220;O que muda na ortografia do portugu\u00eas?&#8221;<\/span><\/a><\/p>\n","protected":false},"author":1,"featured_media":0,"comment_status":"closed","ping_status":"closed","sticky":false,"template":"","format":"standard","meta":{"footnotes":""},"categories":[1],"tags":[215],"class_list":["post-4101","post","type-post","status-publish","format-standard","hentry","category-noticias","tag-departamento-de-linguas"],"_links":{"self":[{"href":"https:\/\/www.escolasdesoure.pt\/web\/wp-json\/wp\/v2\/posts\/4101","targetHints":{"allow":["GET"]}}],"collection":[{"href":"https:\/\/www.escolasdesoure.pt\/web\/wp-json\/wp\/v2\/posts"}],"about":[{"href":"https:\/\/www.escolasdesoure.pt\/web\/wp-json\/wp\/v2\/types\/post"}],"author":[{"embeddable":true,"href":"https:\/\/www.escolasdesoure.pt\/web\/wp-json\/wp\/v2\/users\/1"}],"replies":[{"embeddable":true,"href":"https:\/\/www.escolasdesoure.pt\/web\/wp-json\/wp\/v2\/comments?post=4101"}],"version-history":[{"count":4,"href":"https:\/\/www.escolasdesoure.pt\/web\/wp-json\/wp\/v2\/posts\/4101\/revisions"}],"predecessor-version":[{"id":4106,"href":"https:\/\/www.escolasdesoure.pt\/web\/wp-json\/wp\/v2\/posts\/4101\/revisions\/4106"}],"wp:attachment":[{"href":"https:\/\/www.escolasdesoure.pt\/web\/wp-json\/wp\/v2\/media?parent=4101"}],"wp:term":[{"taxonomy":"category","embeddable":true,"href":"https:\/\/www.escolasdesoure.pt\/web\/wp-json\/wp\/v2\/categories?post=4101"},{"taxonomy":"post_tag","embeddable":true,"href":"https:\/\/www.escolasdesoure.pt\/web\/wp-json\/wp\/v2\/tags?post=4101"}],"curies":[{"name":"wp","href":"https:\/\/api.w.org\/{rel}","templated":true}]}}