{"id":3737,"date":"2011-07-05T21:34:49","date_gmt":"2011-07-05T20:34:49","guid":{"rendered":"http:\/\/www.escolasdesoure.pt\/web\/?p=3737"},"modified":"2011-07-05T21:45:28","modified_gmt":"2011-07-05T20:45:28","slug":"visita-de-estudo-a-aveiro-alunos-do-centro-escolar-de-samuel","status":"publish","type":"post","link":"https:\/\/www.escolasdesoure.pt\/web\/2011\/07\/visita-de-estudo-a-aveiro-alunos-do-centro-escolar-de-samuel\/","title":{"rendered":"Visita de estudo a Aveiro &#8211; Alunos do Centro Escolar de Samuel"},"content":{"rendered":"<p style=\"text-align: justify;\">No dia 31 de Maio a nossa escola foi fazer uma visita a alguns locais de Aveiro.<br \/>\nFomos visitar a f\u00e1brica da Vista Alegre onde fizemos o safari m\u00e1gico e pintamos um prato.<br \/>\nLanch\u00e1mos e fomos visitar o Ecomuseu Marinha da Troncalhada. L\u00e1 vimos como se faz o sal. Vimos tamb\u00e9m um ninho com 3 ovos.<br \/>\nDepois almo\u00e7\u00e1mos no parque e de seguida apanh\u00e1mos o barco para S. Jacinto. L\u00e1 visit\u00e1mos o quartel militar. Vimos dois filmes sobre o que fazem os p\u00e1ra-quedistas. O passeio correu muito bem.<br \/>\nTodos os meninos adoraram a viagem de barco.<\/p>\n<p style=\"text-align: center;\"><embed style=\"width: 426px; height: 320px;\" type=\"application\/x-shockwave-flash\" src=\"http:\/\/widget-24.slide.com\/widgets\/slideticker.swf\" align=\"middle\" name=\"flashticker\" flashvars=\"cy=lt&amp;il=1&amp;channel=3242591731756199460&amp;site=widget-24.slide.com\" wmode=\"transparent\" salign=\"l\" scale=\"noscale\" quality=\"high\"><\/embed><\/p>\n<p style=\"text-align: center;\"><a href=\"https:\/\/docs.google.com\/viewer?a=v&amp;pid=explorer&amp;chrome=true&amp;srcid=0B8uHoijqUNxIMDdlMWYyYTctZWNhOS00YTljLWI2MDItOTQyOGQwMDEzMTcy&amp;hl=pt_PT\" target=\"_blank\">Folheto da visita de estudo<\/a><\/p>\n","protected":false},"excerpt":{"rendered":"<p>No dia 31 de Maio a nossa escola foi fazer uma visita a alguns locais de Aveiro. Fomos visitar a f\u00e1brica da Vista Alegre onde<a href=\"https:\/\/www.escolasdesoure.pt\/web\/2011\/07\/visita-de-estudo-a-aveiro-alunos-do-centro-escolar-de-samuel\/\" class=\"more-link\"><span class=\"screen-reader-text\"> &#8220;Visita de estudo a Aveiro &#8211; Alunos do Centro Escolar de Samuel&#8221;<\/span><\/a><\/p>\n","protected":false},"author":1,"featured_media":0,"comment_status":"closed","ping_status":"closed","sticky":false,"template":"","format":"standard","meta":{"footnotes":""},"categories":[1],"tags":[189,47],"class_list":["post-3737","post","type-post","status-publish","format-standard","hentry","category-noticias","tag-eb1-de-samuel","tag-visitas-de-estudo"],"_links":{"self":[{"href":"https:\/\/www.escolasdesoure.pt\/web\/wp-json\/wp\/v2\/posts\/3737","targetHints":{"allow":["GET"]}}],"collection":[{"href":"https:\/\/www.escolasdesoure.pt\/web\/wp-json\/wp\/v2\/posts"}],"about":[{"href":"https:\/\/www.escolasdesoure.pt\/web\/wp-json\/wp\/v2\/types\/post"}],"author":[{"embeddable":true,"href":"https:\/\/www.escolasdesoure.pt\/web\/wp-json\/wp\/v2\/users\/1"}],"replies":[{"embeddable":true,"href":"https:\/\/www.escolasdesoure.pt\/web\/wp-json\/wp\/v2\/comments?post=3737"}],"version-history":[{"count":5,"href":"https:\/\/www.escolasdesoure.pt\/web\/wp-json\/wp\/v2\/posts\/3737\/revisions"}],"predecessor-version":[{"id":3742,"href":"https:\/\/www.escolasdesoure.pt\/web\/wp-json\/wp\/v2\/posts\/3737\/revisions\/3742"}],"wp:attachment":[{"href":"https:\/\/www.escolasdesoure.pt\/web\/wp-json\/wp\/v2\/media?parent=3737"}],"wp:term":[{"taxonomy":"category","embeddable":true,"href":"https:\/\/www.escolasdesoure.pt\/web\/wp-json\/wp\/v2\/categories?post=3737"},{"taxonomy":"post_tag","embeddable":true,"href":"https:\/\/www.escolasdesoure.pt\/web\/wp-json\/wp\/v2\/tags?post=3737"}],"curies":[{"name":"wp","href":"https:\/\/api.w.org\/{rel}","templated":true}]}}