{"id":3714,"date":"2011-07-03T23:32:58","date_gmt":"2011-07-03T22:32:58","guid":{"rendered":"http:\/\/www.escolasdesoure.pt\/web\/?p=3714"},"modified":"2011-07-03T23:33:28","modified_gmt":"2011-07-03T22:33:28","slug":"quermesse","status":"publish","type":"post","link":"https:\/\/www.escolasdesoure.pt\/web\/2011\/07\/quermesse\/","title":{"rendered":"Quermesse"},"content":{"rendered":"<p style=\"text-align: justify;\"><a href=\"http:\/\/www.escolasdesoure.pt\/web\/wp-content\/uploads\/2011\/07\/1.jpg\"><img decoding=\"async\" class=\"alignright size-medium wp-image-3715\" title=\"1\" src=\"http:\/\/www.escolasdesoure.pt\/web\/wp-content\/uploads\/2011\/07\/1-300x225.jpg\" alt=\"\" width=\"300\" height=\"225\" srcset=\"https:\/\/www.escolasdesoure.pt\/web\/wp-content\/uploads\/2011\/07\/1-300x225.jpg 300w, https:\/\/www.escolasdesoure.pt\/web\/wp-content\/uploads\/2011\/07\/1.jpg 650w\" sizes=\"(max-width: 300px) 100vw, 300px\" \/><\/a>Realizou-se no dia 22 de Julho a quermesse do 7\u00ba ano, inserida no projecto de solidariedade com a Aldeia SOS de Assomada, em Cabo Verde, que angariou recursos monet\u00e1rios para custear o envio de roupas, brinquedos, cal\u00e7ado e material escolar oferecido pela comunidade escolar.<br \/>\nEsta actividade decorreu com muito sucesso e despertou interesse na comunidade, dado que muitos pr\u00e9mios eram bastante apelativos e saborosos. Os mais cobi\u00e7ados foram as pipocas, as bolachinhas e os frasquinhos com gelatina que levaram os alunos a tentar a sua sorte para obter os n\u00fameros das t\u00e3o apetec\u00edveis sobremesas.<br \/>\nAs turmas e as professoras organizadoras agradecem a todos os elementos da comunidade que participaram na quermesse e, em particular, o apoio da C\u00e2mara Municipal de Soure que proporcionou um espa\u00e7o pr\u00f3prio para a quermesse com a montagem de um stand. Tamb\u00e9m a generosa doa\u00e7\u00e3o monet\u00e1ria do Departamento de Ci\u00eancias Sociais e Humanas, resultante de uma actividade do Departamento, contribuiu para o sucesso financeiro desta iniciativa.<\/p>\n<p style=\"text-align: right;\">As professoras Cristina Sim\u00f5es, Herm\u00ednia Farias, Isabel Elias, Paula Vieira<\/p>\n","protected":false},"excerpt":{"rendered":"<p>Realizou-se no dia 22 de Julho a quermesse do 7\u00ba ano, inserida no projecto de solidariedade com a Aldeia SOS de Assomada, em Cabo Verde,<a href=\"https:\/\/www.escolasdesoure.pt\/web\/2011\/07\/quermesse\/\" class=\"more-link\"><span class=\"screen-reader-text\"> &#8220;Quermesse&#8221;<\/span><\/a><\/p>\n","protected":false},"author":1,"featured_media":0,"comment_status":"closed","ping_status":"closed","sticky":false,"template":"","format":"standard","meta":{"footnotes":""},"categories":[1],"tags":[],"class_list":["post-3714","post","type-post","status-publish","format-standard","hentry","category-noticias"],"_links":{"self":[{"href":"https:\/\/www.escolasdesoure.pt\/web\/wp-json\/wp\/v2\/posts\/3714","targetHints":{"allow":["GET"]}}],"collection":[{"href":"https:\/\/www.escolasdesoure.pt\/web\/wp-json\/wp\/v2\/posts"}],"about":[{"href":"https:\/\/www.escolasdesoure.pt\/web\/wp-json\/wp\/v2\/types\/post"}],"author":[{"embeddable":true,"href":"https:\/\/www.escolasdesoure.pt\/web\/wp-json\/wp\/v2\/users\/1"}],"replies":[{"embeddable":true,"href":"https:\/\/www.escolasdesoure.pt\/web\/wp-json\/wp\/v2\/comments?post=3714"}],"version-history":[{"count":2,"href":"https:\/\/www.escolasdesoure.pt\/web\/wp-json\/wp\/v2\/posts\/3714\/revisions"}],"predecessor-version":[{"id":3717,"href":"https:\/\/www.escolasdesoure.pt\/web\/wp-json\/wp\/v2\/posts\/3714\/revisions\/3717"}],"wp:attachment":[{"href":"https:\/\/www.escolasdesoure.pt\/web\/wp-json\/wp\/v2\/media?parent=3714"}],"wp:term":[{"taxonomy":"category","embeddable":true,"href":"https:\/\/www.escolasdesoure.pt\/web\/wp-json\/wp\/v2\/categories?post=3714"},{"taxonomy":"post_tag","embeddable":true,"href":"https:\/\/www.escolasdesoure.pt\/web\/wp-json\/wp\/v2\/tags?post=3714"}],"curies":[{"name":"wp","href":"https:\/\/api.w.org\/{rel}","templated":true}]}}