{"id":3048,"date":"2011-02-11T15:18:11","date_gmt":"2011-02-11T15:18:11","guid":{"rendered":"http:\/\/www.escolasdesoure.pt\/web\/?p=3048"},"modified":"2011-02-11T15:30:05","modified_gmt":"2011-02-11T15:30:05","slug":"edicao-do-n%c2%ba-2-da-revista-arias","status":"publish","type":"post","link":"https:\/\/www.escolasdesoure.pt\/web\/2011\/02\/edicao-do-n%c2%ba-2-da-revista-arias\/","title":{"rendered":"Edi\u00e7\u00e3o do n\u00ba 2 da revista \u00c1rias"},"content":{"rendered":"<p style=\"text-align: justify;\">No  passado dia 31 de Janeiro de 2011 foi disponibilizado ao p\u00fablico o n\u00ba 2  da revista \u00c1rias (patrono da Escola Secund\u00e1ria Martinho \u00c1rias), revista  de Educa\u00e7\u00e3o e Forma\u00e7\u00e3o de Adultos do Agrupamento de Escolas de Soure.<br \/>\nPretende-se  que esta publica\u00e7\u00e3o, semestral, para al\u00e9m de divulgar o trabalho  realizado e as ofertas disponibilizadas pelo Agrupamento, sirva de  ve\u00edculo de reflex\u00e3o sobre \u201cpassado, presente e futuro\u201d da Educa\u00e7\u00e3o e  Forma\u00e7\u00e3o de Adultos em Portugal.<br \/>\nEsta  revista, \u00e9 distribu\u00edda em formato papel e disponibilizada na p\u00e1gina  electr\u00f3nica do Centro Novas Oportunidades do Agrupamento de Escolas de  Soure, em <a href=\"http:\/\/sites.google.com\/site\/cnoescolasdesoure\/home.\" target=\"_blank\">http:\/\/sites.google.com\/site\/cnoescolasdesoure\/home.<\/a><\/p>\n<p style=\"text-align: center;\"><a href=\"http:\/\/sites.google.com\/site\/cnoescolasdesoure\" target=\"_blank\"><img decoding=\"async\" class=\"aligncenter size-full wp-image-3049\" title=\"destaques_revista_arias_n_2\" src=\"http:\/\/www.escolasdesoure.pt\/web\/wp-content\/uploads\/2011\/02\/destaques_revista_arias_n_2.jpg\" alt=\"\" width=\"616\" height=\"435\" srcset=\"https:\/\/www.escolasdesoure.pt\/web\/wp-content\/uploads\/2011\/02\/destaques_revista_arias_n_2.jpg 800w, https:\/\/www.escolasdesoure.pt\/web\/wp-content\/uploads\/2011\/02\/destaques_revista_arias_n_2-300x211.jpg 300w\" sizes=\"(max-width: 616px) 100vw, 616px\" \/><\/a><\/p>\n","protected":false},"excerpt":{"rendered":"<p>No passado dia 31 de Janeiro de 2011 foi disponibilizado ao p\u00fablico o n\u00ba 2 da revista \u00c1rias (patrono da Escola Secund\u00e1ria Martinho \u00c1rias), revista<a href=\"https:\/\/www.escolasdesoure.pt\/web\/2011\/02\/edicao-do-n%c2%ba-2-da-revista-arias\/\" class=\"more-link\"><span class=\"screen-reader-text\"> &#8220;Edi\u00e7\u00e3o do n\u00ba 2 da revista \u00c1rias&#8221;<\/span><\/a><\/p>\n","protected":false},"author":1,"featured_media":0,"comment_status":"closed","ping_status":"closed","sticky":false,"template":"","format":"standard","meta":{"footnotes":""},"categories":[1],"tags":[197],"class_list":["post-3048","post","type-post","status-publish","format-standard","hentry","category-noticias","tag-cno"],"_links":{"self":[{"href":"https:\/\/www.escolasdesoure.pt\/web\/wp-json\/wp\/v2\/posts\/3048","targetHints":{"allow":["GET"]}}],"collection":[{"href":"https:\/\/www.escolasdesoure.pt\/web\/wp-json\/wp\/v2\/posts"}],"about":[{"href":"https:\/\/www.escolasdesoure.pt\/web\/wp-json\/wp\/v2\/types\/post"}],"author":[{"embeddable":true,"href":"https:\/\/www.escolasdesoure.pt\/web\/wp-json\/wp\/v2\/users\/1"}],"replies":[{"embeddable":true,"href":"https:\/\/www.escolasdesoure.pt\/web\/wp-json\/wp\/v2\/comments?post=3048"}],"version-history":[{"count":4,"href":"https:\/\/www.escolasdesoure.pt\/web\/wp-json\/wp\/v2\/posts\/3048\/revisions"}],"predecessor-version":[{"id":3053,"href":"https:\/\/www.escolasdesoure.pt\/web\/wp-json\/wp\/v2\/posts\/3048\/revisions\/3053"}],"wp:attachment":[{"href":"https:\/\/www.escolasdesoure.pt\/web\/wp-json\/wp\/v2\/media?parent=3048"}],"wp:term":[{"taxonomy":"category","embeddable":true,"href":"https:\/\/www.escolasdesoure.pt\/web\/wp-json\/wp\/v2\/categories?post=3048"},{"taxonomy":"post_tag","embeddable":true,"href":"https:\/\/www.escolasdesoure.pt\/web\/wp-json\/wp\/v2\/tags?post=3048"}],"curies":[{"name":"wp","href":"https:\/\/api.w.org\/{rel}","templated":true}]}}