{"id":3031,"date":"2011-02-08T21:13:10","date_gmt":"2011-02-08T21:13:10","guid":{"rendered":"http:\/\/www.escolasdesoure.pt\/web\/?p=3031"},"modified":"2011-02-08T21:13:10","modified_gmt":"2011-02-08T21:13:10","slug":"sessao-de-esclarecimento-%e2%80%9cgestao-do-orcamento-familiar%e2%80%9d","status":"publish","type":"post","link":"https:\/\/www.escolasdesoure.pt\/web\/2011\/02\/sessao-de-esclarecimento-%e2%80%9cgestao-do-orcamento-familiar%e2%80%9d\/","title":{"rendered":"Sess\u00e3o de esclarecimento \u201cGest\u00e3o do Or\u00e7amento Familiar\u201d"},"content":{"rendered":"<p style=\"text-align: justify;\">No passado dia 1 de Fevereiro decorreu no audit\u00f3rio da Escola 3\/Sec. Martinho \u00c1rias uma sess\u00e3o de esclarecimentos intitulada Gest\u00e3o do Or\u00e7amento Familiar. A dinamiza\u00e7\u00e3o da sess\u00e3o esteve a cargo da Associa\u00e7\u00e3o Portuguesa para a Defesa do Consumidor \u2013 DECO.<\/p>\n<p style=\"text-align: justify;\">Esta sess\u00e3o \u00e9 uma das diversas iniciativas dirigidas para os Encarregados de Educa\u00e7\u00e3o\/Fam\u00edlia dos alunos da Escola 3\/Sec. Martinho \u00c1rias, que consta no plano de actividades do Servi\u00e7o Social de Apoio ao Aluno e Fam\u00edlia \u2013 SSAAF.<\/p>\n<p style=\"text-align: justify;\">O Servi\u00e7o Social de Apoio ao Aluno e Fam\u00edlia &#8211; SSAAF surge no seguimento do trabalho desenvolvido no \u00e2mbito do Projecto Educar Pr\u00f3 Sucesso financiado pela Funda\u00e7\u00e3o Calouste Gulbenkian e que se encontra a ser desenvolvido em parceria com o Instituto Superior Miguel Torga.<\/p>\n<p style=\"text-align: justify;\">O Servi\u00e7o Social de Apoio ao Aluno e Fam\u00edlia &#8211; SSAAF tem como objectivos: contribuir para a diminui\u00e7\u00e3o das situa\u00e7\u00f5es de risco associadas ao insucesso e ao abandono escolar dos alunos do 3\u00ba Ciclo da Escola Secund\u00e1ria Martinho \u00c1rias, e contribuir para o crescimento harmonioso e global de todos os alunos, nas suas diferentes dimens\u00f5es: individual, familiar, escolar e social.<\/p>\n<p style=\"text-align: justify;\">[imagebrowser id=37]<\/p>\n<p style=\"text-align: justify;\">\n<p style=\"text-align: justify;\">\n<p style=\"text-align: justify;\">\n","protected":false},"excerpt":{"rendered":"<p>No passado dia 1 de Fevereiro decorreu no audit\u00f3rio da Escola 3\/Sec. Martinho \u00c1rias uma sess\u00e3o de esclarecimentos intitulada Gest\u00e3o do Or\u00e7amento Familiar. A dinamiza\u00e7\u00e3o<a href=\"https:\/\/www.escolasdesoure.pt\/web\/2011\/02\/sessao-de-esclarecimento-%e2%80%9cgestao-do-orcamento-familiar%e2%80%9d\/\" class=\"more-link\"><span class=\"screen-reader-text\"> &#8220;Sess\u00e3o de esclarecimento \u201cGest\u00e3o do Or\u00e7amento Familiar\u201d&#8221;<\/span><\/a><\/p>\n","protected":false},"author":1,"featured_media":0,"comment_status":"closed","ping_status":"closed","sticky":false,"template":"","format":"standard","meta":{"footnotes":""},"categories":[1],"tags":[],"class_list":["post-3031","post","type-post","status-publish","format-standard","hentry","category-noticias"],"_links":{"self":[{"href":"https:\/\/www.escolasdesoure.pt\/web\/wp-json\/wp\/v2\/posts\/3031","targetHints":{"allow":["GET"]}}],"collection":[{"href":"https:\/\/www.escolasdesoure.pt\/web\/wp-json\/wp\/v2\/posts"}],"about":[{"href":"https:\/\/www.escolasdesoure.pt\/web\/wp-json\/wp\/v2\/types\/post"}],"author":[{"embeddable":true,"href":"https:\/\/www.escolasdesoure.pt\/web\/wp-json\/wp\/v2\/users\/1"}],"replies":[{"embeddable":true,"href":"https:\/\/www.escolasdesoure.pt\/web\/wp-json\/wp\/v2\/comments?post=3031"}],"version-history":[{"count":4,"href":"https:\/\/www.escolasdesoure.pt\/web\/wp-json\/wp\/v2\/posts\/3031\/revisions"}],"predecessor-version":[{"id":3035,"href":"https:\/\/www.escolasdesoure.pt\/web\/wp-json\/wp\/v2\/posts\/3031\/revisions\/3035"}],"wp:attachment":[{"href":"https:\/\/www.escolasdesoure.pt\/web\/wp-json\/wp\/v2\/media?parent=3031"}],"wp:term":[{"taxonomy":"category","embeddable":true,"href":"https:\/\/www.escolasdesoure.pt\/web\/wp-json\/wp\/v2\/categories?post=3031"},{"taxonomy":"post_tag","embeddable":true,"href":"https:\/\/www.escolasdesoure.pt\/web\/wp-json\/wp\/v2\/tags?post=3031"}],"curies":[{"name":"wp","href":"https:\/\/api.w.org\/{rel}","templated":true}]}}