{"id":2677,"date":"2010-12-12T22:13:54","date_gmt":"2010-12-12T22:13:54","guid":{"rendered":"http:\/\/www.escolasdesoure.pt\/web\/?p=2677"},"modified":"2010-12-12T23:05:17","modified_gmt":"2010-12-12T23:05:17","slug":"visita-de-estudo-ao-palacio-nacional-de-mafra","status":"publish","type":"post","link":"https:\/\/www.escolasdesoure.pt\/web\/2010\/12\/visita-de-estudo-ao-palacio-nacional-de-mafra\/","title":{"rendered":"Visita de estudo ao Pal\u00e1cio Nacional de Mafra"},"content":{"rendered":"<p style=\"text-align: justify;\">Os alunos do 12\u00ba Ano deslocaram \u2013 se ao Pal\u00e1cio Nacional de Mafra, no dia 28 de Outubro, para uma visita guiada ao Pal\u00e1cio e para assistir a uma adapta\u00e7\u00e3o dramat\u00fargica da obra do Nobel da Literatura Portuguesa, intitulada: Memorial do Convento.<br \/>\nEsta visita interdisciplinar, que envolveu as disciplinas de Portugu\u00eas, Hist\u00f3ria A e \u00c1rea de Projecto, permitiu a todos o contacto com uma manifesta\u00e7\u00e3o cultural a que nem sempre t\u00eam acesso e\/ou que nem sempre procuram, com a particularidade de ter sido realizada no espa\u00e7o emblem\u00e1tico da obra, ajudando a recriar a vida maravilhosa e tr\u00e1gica de Blimunda, Baltasar e de Bartolomeu de Gusm\u00e3o.<\/p>\n<p><img decoding=\"async\" class=\"aligncenter\" src=\"http:\/\/2.bp.blogspot.com\/_jwRop6Lp1SQ\/S84M-GClXhI\/AAAAAAAAArQ\/0RyQ_qfdNhw\/S760\/Fotos+Sinopse+Memorial.jpg\" alt=\"\" width=\"760\" height=\"230\" \/><\/p>\n<p style=\"text-align: justify;\">Os testemunhos prestados pelos alunos ap\u00f3s a visita s\u00e3o bem elucidativos do prazer que fru\u00edram ao percorrer o majestoso pal\u00e1cio e ao saborear a encena\u00e7\u00e3o, levada a cabo pela companhia \u00c9TER, uma caricatura da sociedade portuguesa da \u00e9poca de D. Jo\u00e3o V, feita por Jos\u00e9 Saramago.<\/p>\n<blockquote>\n<p style=\"text-align: justify;\">Gostei muito, penso que os guias eram todos muito prest\u00e1veis e din\u00e2micos, o que tornou a visita muito boa e interessante.<br \/>\nQuanto \u00e0 pe\u00e7a de teatro, acho que \u00e9 bastante \u00fatil e, sem d\u00favida, que foi algo de maravilhoso, ajudou a conhecer um pouco a obra e a suscitar o interesse por l\u00ea-la.<\/p>\n<\/blockquote>\n<blockquote>\n<p style=\"text-align: justify;\">Acho que visitas de estudo como estas motivam a ler obras que ser\u00e3o estudadas posteriormente e a contextualiz\u00e1-las no tempo e no espa\u00e7o. \u00c9 igualmente importante, os estudantes contactarem e visitarem o patrim\u00f3nio portugu\u00eas e apreciarem monumentos como o Pal\u00e1cio Nacional de Mafra.<\/p>\n<\/blockquote>\n<blockquote>\n<p style=\"text-align: justify;\">Aprendi muita coisa na visita ao Pal\u00e1cio, que me ajudou na compreens\u00e3o da pe\u00e7a, uma vez que ainda n\u00e3o li o livro. Gostei que tiv\u00e9ssemos feito a visita antes de ler o livro e de trat\u00e1-la na aula, pois permite perceb\u00ea-la melhor e entusiasmou-me para a sua leitura.<\/p>\n<\/blockquote>\n<blockquote>\n<p style=\"text-align: justify;\">Penso que foi essencial ter assistido ao teatro no local que \u00e9 o centro da obra, pois tornou tudo muito mais realista.<\/p>\n<\/blockquote>\n<blockquote>\n<p style=\"text-align: justify;\">A visita foi muito interessante, tanto que os alunos estiveram com uma aten\u00e7\u00e3o constante. Os guias eram muito bons.<\/p>\n<\/blockquote>\n<p style=\"text-align: center;\">[nggallery id=24]<\/p>\n<p style=\"text-align: right;\">Por Margarida Carrington<\/p>\n","protected":false},"excerpt":{"rendered":"<p>Os alunos do 12\u00ba Ano deslocaram \u2013 se ao Pal\u00e1cio Nacional de Mafra, no dia 28 de Outubro, para uma visita guiada ao Pal\u00e1cio e<a href=\"https:\/\/www.escolasdesoure.pt\/web\/2010\/12\/visita-de-estudo-ao-palacio-nacional-de-mafra\/\" class=\"more-link\"><span class=\"screen-reader-text\"> &#8220;Visita de estudo ao Pal\u00e1cio Nacional de Mafra&#8221;<\/span><\/a><\/p>\n","protected":false},"author":1,"featured_media":0,"comment_status":"closed","ping_status":"closed","sticky":false,"template":"","format":"standard","meta":{"footnotes":""},"categories":[1],"tags":[47],"class_list":["post-2677","post","type-post","status-publish","format-standard","hentry","category-noticias","tag-visitas-de-estudo"],"_links":{"self":[{"href":"https:\/\/www.escolasdesoure.pt\/web\/wp-json\/wp\/v2\/posts\/2677","targetHints":{"allow":["GET"]}}],"collection":[{"href":"https:\/\/www.escolasdesoure.pt\/web\/wp-json\/wp\/v2\/posts"}],"about":[{"href":"https:\/\/www.escolasdesoure.pt\/web\/wp-json\/wp\/v2\/types\/post"}],"author":[{"embeddable":true,"href":"https:\/\/www.escolasdesoure.pt\/web\/wp-json\/wp\/v2\/users\/1"}],"replies":[{"embeddable":true,"href":"https:\/\/www.escolasdesoure.pt\/web\/wp-json\/wp\/v2\/comments?post=2677"}],"version-history":[{"count":6,"href":"https:\/\/www.escolasdesoure.pt\/web\/wp-json\/wp\/v2\/posts\/2677\/revisions"}],"predecessor-version":[{"id":2682,"href":"https:\/\/www.escolasdesoure.pt\/web\/wp-json\/wp\/v2\/posts\/2677\/revisions\/2682"}],"wp:attachment":[{"href":"https:\/\/www.escolasdesoure.pt\/web\/wp-json\/wp\/v2\/media?parent=2677"}],"wp:term":[{"taxonomy":"category","embeddable":true,"href":"https:\/\/www.escolasdesoure.pt\/web\/wp-json\/wp\/v2\/categories?post=2677"},{"taxonomy":"post_tag","embeddable":true,"href":"https:\/\/www.escolasdesoure.pt\/web\/wp-json\/wp\/v2\/tags?post=2677"}],"curies":[{"name":"wp","href":"https:\/\/api.w.org\/{rel}","templated":true}]}}