{"id":22291,"date":"2026-04-30T07:44:46","date_gmt":"2026-04-30T06:44:46","guid":{"rendered":"https:\/\/www.escolasdesoure.pt\/web\/?p=22291"},"modified":"2026-04-30T07:44:46","modified_gmt":"2026-04-30T06:44:46","slug":"viagem-de-estudo-a-valencia-espanha-2026","status":"publish","type":"post","link":"https:\/\/www.escolasdesoure.pt\/web\/2026\/04\/viagem-de-estudo-a-valencia-espanha-2026\/","title":{"rendered":"Viagem de estudo a Valencia &#8211; Espanha 2026"},"content":{"rendered":"\n<p>Entre os dias 15 e 19 de abril, um grupo de alunos, no \u00e2mbito da disciplina de Espanhol, participou numa enriquecedora viagem a Val\u00eancia, numa experi\u00eancia que aliou aprendizagem, cultura e momentos de grande conv\u00edvio. <\/p>\n\n\n\n<p>Ao longo dos v\u00e1rios dias, os alunos tiveram a oportunidade de conhecer alguns dos locais mais emblem\u00e1ticos da cidade, como a Cidade das Artes e das Ci\u00eancias, o centro hist\u00f3rico com a sua imponente catedral e as animadas pra\u00e7as cheias de vida. Houve ainda tempo para contactar diretamente com os costumes e a gastronomia valenciana, proporcionando um verdadeiro mergulho na cultura espanhola.<\/p>\n\n\n\n<p>Para al\u00e9m da vertente cultural, esta viagem destacou-se tamb\u00e9m pelo excelente comportamento e sentido de responsabilidade demonstrados por todos os participantes. Os alunos revelaram autonomia, respeito pelas regras e esp\u00edrito de entreajuda, contribuindo para um ambiente positivo e seguro durante toda a estadia.<\/p>\n\n\n\n<p>No \u00faltimo dia, a visita ao Parque Warner foi um dos momentos mais descontra\u00eddos e divertidos da viagem. Entre montanhas-russas e espet\u00e1culos, n\u00e3o faltaram sorrisos e boa disposi\u00e7\u00e3o, encerrando a experi\u00eancia da melhor forma. <\/p>\n\n\n\n<p>Esta viagem constituiu, sem d\u00favida, uma oportunidade \u00fanica de aprofundar conhecimentos lingu\u00edsticos e culturais, refor\u00e7ar la\u00e7os de amizade e criar mem\u00f3rias que ficar\u00e3o para sempre.<\/p>\n\n\n\n<p>Finalizamos agradecendo o apoio do Munic\u00edpio de Soure, das juntas de freguesia do concelho e das fam\u00edlias dos nossos alunos.<\/p>\n\n\n\n<p>Preparem-se para a pr\u00f3xima viagem!<\/p>\n\n\n\n<p>As professores de Espanhol,<br \/>Margarida Cardoso e S\u00edlvia Ramalho<\/p>\n\n\n\n<figure class=\"wp-block-image size-full\"><img decoding=\"async\" width=\"900\" height=\"391\" src=\"https:\/\/www.escolasdesoure.pt\/web\/wp-content\/uploads\/2026\/04\/Foto-capa.jpeg\" alt=\"\" class=\"wp-image-22292\" srcset=\"https:\/\/www.escolasdesoure.pt\/web\/wp-content\/uploads\/2026\/04\/Foto-capa.jpeg 900w, https:\/\/www.escolasdesoure.pt\/web\/wp-content\/uploads\/2026\/04\/Foto-capa-300x130.jpeg 300w, https:\/\/www.escolasdesoure.pt\/web\/wp-content\/uploads\/2026\/04\/Foto-capa-768x334.jpeg 768w\" sizes=\"(max-width: 900px) 100vw, 900px\" \/><\/figure>\n","protected":false},"excerpt":{"rendered":"<p>Entre os dias 15 e 19 de abril, um grupo de alunos, no \u00e2mbito da disciplina de Espanhol, participou numa enriquecedora viagem a Val\u00eancia, numa<a href=\"https:\/\/www.escolasdesoure.pt\/web\/2026\/04\/viagem-de-estudo-a-valencia-espanha-2026\/\" class=\"more-link\"><span class=\"screen-reader-text\"> &#8220;Viagem de estudo a Valencia &#8211; Espanha 2026&#8221;<\/span><\/a><\/p>\n","protected":false},"author":8,"featured_media":22292,"comment_status":"closed","ping_status":"","sticky":false,"template":"","format":"standard","meta":{"footnotes":""},"categories":[1],"tags":[47],"class_list":["post-22291","post","type-post","status-publish","format-standard","has-post-thumbnail","hentry","category-noticias","tag-visitas-de-estudo"],"_links":{"self":[{"href":"https:\/\/www.escolasdesoure.pt\/web\/wp-json\/wp\/v2\/posts\/22291","targetHints":{"allow":["GET"]}}],"collection":[{"href":"https:\/\/www.escolasdesoure.pt\/web\/wp-json\/wp\/v2\/posts"}],"about":[{"href":"https:\/\/www.escolasdesoure.pt\/web\/wp-json\/wp\/v2\/types\/post"}],"author":[{"embeddable":true,"href":"https:\/\/www.escolasdesoure.pt\/web\/wp-json\/wp\/v2\/users\/8"}],"replies":[{"embeddable":true,"href":"https:\/\/www.escolasdesoure.pt\/web\/wp-json\/wp\/v2\/comments?post=22291"}],"version-history":[{"count":4,"href":"https:\/\/www.escolasdesoure.pt\/web\/wp-json\/wp\/v2\/posts\/22291\/revisions"}],"predecessor-version":[{"id":22298,"href":"https:\/\/www.escolasdesoure.pt\/web\/wp-json\/wp\/v2\/posts\/22291\/revisions\/22298"}],"wp:featuredmedia":[{"embeddable":true,"href":"https:\/\/www.escolasdesoure.pt\/web\/wp-json\/wp\/v2\/media\/22292"}],"wp:attachment":[{"href":"https:\/\/www.escolasdesoure.pt\/web\/wp-json\/wp\/v2\/media?parent=22291"}],"wp:term":[{"taxonomy":"category","embeddable":true,"href":"https:\/\/www.escolasdesoure.pt\/web\/wp-json\/wp\/v2\/categories?post=22291"},{"taxonomy":"post_tag","embeddable":true,"href":"https:\/\/www.escolasdesoure.pt\/web\/wp-json\/wp\/v2\/tags?post=22291"}],"curies":[{"name":"wp","href":"https:\/\/api.w.org\/{rel}","templated":true}]}}