{"id":22281,"date":"2026-04-27T07:37:40","date_gmt":"2026-04-27T06:37:40","guid":{"rendered":"https:\/\/www.escolasdesoure.pt\/web\/?p=22281"},"modified":"2026-04-28T07:39:32","modified_gmt":"2026-04-28T06:39:32","slug":"e-diario-4-mobilidade-de-alunos-em-napoles-italia-2","status":"publish","type":"post","link":"https:\/\/www.escolasdesoure.pt\/web\/2026\/04\/e-diario-4-mobilidade-de-alunos-em-napoles-italia-2\/","title":{"rendered":"e-di\u00e1rio 4 &#8211; Mobilidade de alunos em N\u00e1poles, It\u00e1lia"},"content":{"rendered":"\n<p>&nbsp;No 4\u00ba dia da mobilidade, grav\u00e1mos uma entrevista sobre o significado do 25 de abril em It\u00e1lia e em Portugal.<\/p>\n\n\n\n<p>Na entrevista, os alunos de ambos os pa\u00edses responderam a perguntas que permitiram saber como foi o dia da liberdade em It\u00e1lia e em Portugal, respetivamente em 1945 e em 1974, e o que mudou da\u00ed em diante nos dois pa\u00edses.<\/p>\n\n\n\n<p>Elabor\u00e1mos ainda, em conjunto com os colegas italianos, um cartaz sobre o 25 de abril.<\/p>\n\n\n\n<p>Para finalizar o dia, explor\u00e1mos alguns espa\u00e7os da escola, onde pudemos observar v\u00e1rias pinturas e esculturas realizadas pelos alunos da \u00e1rea das Artes.<\/p>\n\n\n\n<p>Carolina e M\u00e1rcia M.<\/p>\n\n\n\n<figure class=\"wp-block-image size-large\"><img decoding=\"async\" width=\"643\" height=\"900\" src=\"https:\/\/www.escolasdesoure.pt\/web\/wp-content\/uploads\/2026\/04\/e-diario-4-643x900.jpg\" alt=\"\" class=\"wp-image-22282\" srcset=\"https:\/\/www.escolasdesoure.pt\/web\/wp-content\/uploads\/2026\/04\/e-diario-4-643x900.jpg 643w, https:\/\/www.escolasdesoure.pt\/web\/wp-content\/uploads\/2026\/04\/e-diario-4-214x300.jpg 214w, https:\/\/www.escolasdesoure.pt\/web\/wp-content\/uploads\/2026\/04\/e-diario-4-768x1075.jpg 768w, https:\/\/www.escolasdesoure.pt\/web\/wp-content\/uploads\/2026\/04\/e-diario-4.jpg 857w\" sizes=\"(max-width: 643px) 100vw, 643px\" \/><\/figure>\n","protected":false},"excerpt":{"rendered":"<p>&nbsp;No 4\u00ba dia da mobilidade, grav\u00e1mos uma entrevista sobre o significado do 25 de abril em It\u00e1lia e em Portugal. Na entrevista, os alunos de<a href=\"https:\/\/www.escolasdesoure.pt\/web\/2026\/04\/e-diario-4-mobilidade-de-alunos-em-napoles-italia-2\/\" class=\"more-link\"><span class=\"screen-reader-text\"> &#8220;e-di\u00e1rio 4 &#8211; Mobilidade de alunos em N\u00e1poles, It\u00e1lia&#8221;<\/span><\/a><\/p>\n","protected":false},"author":8,"featured_media":22282,"comment_status":"closed","ping_status":"","sticky":false,"template":"","format":"standard","meta":{"footnotes":""},"categories":[1],"tags":[306],"class_list":["post-22281","post","type-post","status-publish","format-standard","has-post-thumbnail","hentry","category-noticias","tag-erasmus"],"_links":{"self":[{"href":"https:\/\/www.escolasdesoure.pt\/web\/wp-json\/wp\/v2\/posts\/22281","targetHints":{"allow":["GET"]}}],"collection":[{"href":"https:\/\/www.escolasdesoure.pt\/web\/wp-json\/wp\/v2\/posts"}],"about":[{"href":"https:\/\/www.escolasdesoure.pt\/web\/wp-json\/wp\/v2\/types\/post"}],"author":[{"embeddable":true,"href":"https:\/\/www.escolasdesoure.pt\/web\/wp-json\/wp\/v2\/users\/8"}],"replies":[{"embeddable":true,"href":"https:\/\/www.escolasdesoure.pt\/web\/wp-json\/wp\/v2\/comments?post=22281"}],"version-history":[{"count":1,"href":"https:\/\/www.escolasdesoure.pt\/web\/wp-json\/wp\/v2\/posts\/22281\/revisions"}],"predecessor-version":[{"id":22283,"href":"https:\/\/www.escolasdesoure.pt\/web\/wp-json\/wp\/v2\/posts\/22281\/revisions\/22283"}],"wp:featuredmedia":[{"embeddable":true,"href":"https:\/\/www.escolasdesoure.pt\/web\/wp-json\/wp\/v2\/media\/22282"}],"wp:attachment":[{"href":"https:\/\/www.escolasdesoure.pt\/web\/wp-json\/wp\/v2\/media?parent=22281"}],"wp:term":[{"taxonomy":"category","embeddable":true,"href":"https:\/\/www.escolasdesoure.pt\/web\/wp-json\/wp\/v2\/categories?post=22281"},{"taxonomy":"post_tag","embeddable":true,"href":"https:\/\/www.escolasdesoure.pt\/web\/wp-json\/wp\/v2\/tags?post=22281"}],"curies":[{"name":"wp","href":"https:\/\/api.w.org\/{rel}","templated":true}]}}