{"id":22274,"date":"2026-04-27T12:12:31","date_gmt":"2026-04-27T11:12:31","guid":{"rendered":"https:\/\/www.escolasdesoure.pt\/web\/?p=22274"},"modified":"2026-04-27T12:12:31","modified_gmt":"2026-04-27T11:12:31","slug":"e-diario-4-mobilidade-de-alunos-em-napoles-italia","status":"publish","type":"post","link":"https:\/\/www.escolasdesoure.pt\/web\/2026\/04\/e-diario-4-mobilidade-de-alunos-em-napoles-italia\/","title":{"rendered":"e-di\u00e1rio 4 \u2013 Mobilidade de alunos em N\u00e1poles, It\u00e1lia"},"content":{"rendered":"\n<p>O \u00faltimo dia da experi\u00eancia Erasmus, embora breve, foi particularmente significativo, marcado por uma calorosa troca de ideias e apresenta\u00e7\u00f5es dos produtos finais do projeto. Ap\u00f3s a entrega dos certificados aos alunos portugueses e professores, seguiu-se a despedida entre todos os participantes.&nbsp;&nbsp;<\/p>\n\n\n\n<p>Foi um dia curto, mas memor\u00e1vel que certamente contribuiu para o amadurecimento e a consolida\u00e7\u00e3o de todas as atividades e \u00e2mbitos do programa ERASMUS+. Encerra-se, assim, mais uma experi\u00eancia de interc\u00e2mbio cultural, que prestigia todos os envolvidos, em especial a Escola, e promove a valoriza\u00e7\u00e3o e o enriquecimento m\u00fatuo entre diferentes culturas.&nbsp;&nbsp;<\/p>\n\n\n\n<figure class=\"wp-block-embed is-type-video is-provider-youtube wp-block-embed-youtube wp-embed-aspect-16-9 wp-has-aspect-ratio\"><div class=\"wp-block-embed__wrapper\">\n<iframe loading=\"lazy\" title=\"Erasmus+ N\u00e1poles - abril 26\" width=\"1170\" height=\"658\" src=\"https:\/\/www.youtube.com\/embed\/UNfJ2sIQ8lw?feature=oembed\" frameborder=\"0\" allow=\"accelerometer; autoplay; clipboard-write; encrypted-media; gyroscope; picture-in-picture; web-share\" referrerpolicy=\"strict-origin-when-cross-origin\" allowfullscreen><\/iframe>\n<\/div><\/figure>\n","protected":false},"excerpt":{"rendered":"<p>O \u00faltimo dia da experi\u00eancia Erasmus, embora breve, foi particularmente significativo, marcado por uma calorosa troca de ideias e apresenta\u00e7\u00f5es dos produtos finais do projeto.<a href=\"https:\/\/www.escolasdesoure.pt\/web\/2026\/04\/e-diario-4-mobilidade-de-alunos-em-napoles-italia\/\" class=\"more-link\"><span class=\"screen-reader-text\"> &#8220;e-di\u00e1rio 4 \u2013 Mobilidade de alunos em N\u00e1poles, It\u00e1lia&#8221;<\/span><\/a><\/p>\n","protected":false},"author":8,"featured_media":22275,"comment_status":"closed","ping_status":"","sticky":false,"template":"","format":"standard","meta":{"footnotes":""},"categories":[1],"tags":[306],"class_list":["post-22274","post","type-post","status-publish","format-standard","has-post-thumbnail","hentry","category-noticias","tag-erasmus"],"_links":{"self":[{"href":"https:\/\/www.escolasdesoure.pt\/web\/wp-json\/wp\/v2\/posts\/22274","targetHints":{"allow":["GET"]}}],"collection":[{"href":"https:\/\/www.escolasdesoure.pt\/web\/wp-json\/wp\/v2\/posts"}],"about":[{"href":"https:\/\/www.escolasdesoure.pt\/web\/wp-json\/wp\/v2\/types\/post"}],"author":[{"embeddable":true,"href":"https:\/\/www.escolasdesoure.pt\/web\/wp-json\/wp\/v2\/users\/8"}],"replies":[{"embeddable":true,"href":"https:\/\/www.escolasdesoure.pt\/web\/wp-json\/wp\/v2\/comments?post=22274"}],"version-history":[{"count":1,"href":"https:\/\/www.escolasdesoure.pt\/web\/wp-json\/wp\/v2\/posts\/22274\/revisions"}],"predecessor-version":[{"id":22276,"href":"https:\/\/www.escolasdesoure.pt\/web\/wp-json\/wp\/v2\/posts\/22274\/revisions\/22276"}],"wp:featuredmedia":[{"embeddable":true,"href":"https:\/\/www.escolasdesoure.pt\/web\/wp-json\/wp\/v2\/media\/22275"}],"wp:attachment":[{"href":"https:\/\/www.escolasdesoure.pt\/web\/wp-json\/wp\/v2\/media?parent=22274"}],"wp:term":[{"taxonomy":"category","embeddable":true,"href":"https:\/\/www.escolasdesoure.pt\/web\/wp-json\/wp\/v2\/categories?post=22274"},{"taxonomy":"post_tag","embeddable":true,"href":"https:\/\/www.escolasdesoure.pt\/web\/wp-json\/wp\/v2\/tags?post=22274"}],"curies":[{"name":"wp","href":"https:\/\/api.w.org\/{rel}","templated":true}]}}