{"id":22008,"date":"2026-03-17T15:38:09","date_gmt":"2026-03-17T15:38:09","guid":{"rendered":"https:\/\/www.escolasdesoure.pt\/web\/?p=22008"},"modified":"2026-03-17T15:38:09","modified_gmt":"2026-03-17T15:38:09","slug":"semana-de-educacao-e-formacao-2026","status":"publish","type":"post","link":"https:\/\/www.escolasdesoure.pt\/web\/2026\/03\/semana-de-educacao-e-formacao-2026\/","title":{"rendered":"Semana de Educa\u00e7\u00e3o e Forma\u00e7\u00e3o 2026"},"content":{"rendered":"\n<iframe loading=\"lazy\" src=\"https:\/\/drive.google.com\/file\/d\/1bupLp2O1R83rtnqCkNVEViSI2HGOVkxX\/preview\" width=\"100%\" height=\"800\"><\/iframe>\n","protected":false},"excerpt":{"rendered":"","protected":false},"author":1,"featured_media":22009,"comment_status":"closed","ping_status":"","sticky":false,"template":"","format":"standard","meta":{"footnotes":""},"categories":[1],"tags":[418,397],"class_list":["post-22008","post","type-post","status-publish","format-standard","has-post-thumbnail","hentry","category-noticias","tag-ensino-profissional","tag-semana-de-educacao-e-formacao"],"_links":{"self":[{"href":"https:\/\/www.escolasdesoure.pt\/web\/wp-json\/wp\/v2\/posts\/22008","targetHints":{"allow":["GET"]}}],"collection":[{"href":"https:\/\/www.escolasdesoure.pt\/web\/wp-json\/wp\/v2\/posts"}],"about":[{"href":"https:\/\/www.escolasdesoure.pt\/web\/wp-json\/wp\/v2\/types\/post"}],"author":[{"embeddable":true,"href":"https:\/\/www.escolasdesoure.pt\/web\/wp-json\/wp\/v2\/users\/1"}],"replies":[{"embeddable":true,"href":"https:\/\/www.escolasdesoure.pt\/web\/wp-json\/wp\/v2\/comments?post=22008"}],"version-history":[{"count":1,"href":"https:\/\/www.escolasdesoure.pt\/web\/wp-json\/wp\/v2\/posts\/22008\/revisions"}],"predecessor-version":[{"id":22010,"href":"https:\/\/www.escolasdesoure.pt\/web\/wp-json\/wp\/v2\/posts\/22008\/revisions\/22010"}],"wp:featuredmedia":[{"embeddable":true,"href":"https:\/\/www.escolasdesoure.pt\/web\/wp-json\/wp\/v2\/media\/22009"}],"wp:attachment":[{"href":"https:\/\/www.escolasdesoure.pt\/web\/wp-json\/wp\/v2\/media?parent=22008"}],"wp:term":[{"taxonomy":"category","embeddable":true,"href":"https:\/\/www.escolasdesoure.pt\/web\/wp-json\/wp\/v2\/categories?post=22008"},{"taxonomy":"post_tag","embeddable":true,"href":"https:\/\/www.escolasdesoure.pt\/web\/wp-json\/wp\/v2\/tags?post=22008"}],"curies":[{"name":"wp","href":"https:\/\/api.w.org\/{rel}","templated":true}]}}