{"id":21172,"date":"2025-09-04T08:42:47","date_gmt":"2025-09-04T07:42:47","guid":{"rendered":"https:\/\/www.escolasdesoure.pt\/web\/?p=21172"},"modified":"2025-09-04T08:45:09","modified_gmt":"2025-09-04T07:45:09","slug":"nomeacao-para-o-premio-professor-do-ano-comunidade-ubbu-2025","status":"publish","type":"post","link":"https:\/\/www.escolasdesoure.pt\/web\/2025\/09\/nomeacao-para-o-premio-professor-do-ano-comunidade-ubbu-2025\/","title":{"rendered":"Nomea\u00e7\u00e3o para o Pr\u00e9mio Professor do Ano &#8211; Comunidade UBBU 2025"},"content":{"rendered":"\n<p>\u00c9 com enorme orgulho que partilhamos que o\u00a0<strong>Professor\u00a0Ant\u00f3nio\u00a0Marcelo<\/strong>, do nosso Agrupamento de Escolas Martinho \u00c1rias \u2013 Soure, foi\u00a0<strong>nomeado para o Pr\u00e9mio\u00a0Professor do Ano &#8211;\u00a0Comunidade UBBU 2025<\/strong>!\u00a0<\/p>\n\n\n\n<p>&nbsp;Este reconhecimento valoriza o trabalho desenvolvido com os alunos, promovendo o&nbsp;<strong>pensamento computacional<\/strong>, a&nbsp;<strong>criatividade<\/strong>&nbsp;e a&nbsp;<strong>literacia digital<\/strong>, com recurso \u00e0 plataforma&nbsp;<strong>UBBU<\/strong>, integrada no projeto&nbsp;<strong>&#8220;UBBU Mentes Digitais \u2013 @ulaDigital&#8221;.<\/strong><\/p>\n\n\n\n<p>Agora,\u00a0<strong>contamos com o vosso apoio<\/strong>\u00a0para trazer este pr\u00e9mio para o nosso agrupamento!\u00a0<\/p>\n\n\n\n<p>\u00a0<strong>Como votar:<\/strong><br \/><\/p>\n\n\n\n<ol class=\"wp-block-list\">\n<li>\u00a0Aceder \u00e0 publica\u00e7\u00e3o oficial da\u00a0<strong>UBBU<\/strong>\u00a0no Facebook\u00a0com o link.<\/li>\n\n\n\n<li>Clicar em\u00a0<strong>\u201cGosto\u201d\u00a0<\/strong>\u00a0na sua foto.<\/li>\n<\/ol>\n\n\n\n<p>\u00a0<strong>Link direto para a vota\u00e7\u00e3o:<\/strong>\u00a0<a href=\"https:\/\/www.facebook.com\/photo\/?fbid=1405572254353007&amp;set=pcb.1405712634338969\" target=\"_blank\" rel=\"noreferrer noopener\">https:\/\/www.facebook.com\/photo\/?fbid=1405572254353007&amp;set=pcb.1405712634338969<\/a><\/p>\n\n\n\n<p><strong>Podem tamb\u00e9m partilhar a publica\u00e7\u00e3o<\/strong>&nbsp;com familiares, amigos e nas vossas redes sociais para ajudarem a aumentar o alcance e conseguirmos mais votos!<\/p>\n\n\n\n<p>Cada voto conta! Vamos apoiar o Ant\u00f3nio Marcelo e valorizar o trabalho que desenvolvemos no nosso agrupamento!\u00a0<\/p>\n\n\n\n<p>Contamos convosco,&nbsp;<\/p>\n","protected":false},"excerpt":{"rendered":"<p>\u00c9 com enorme orgulho que partilhamos que o\u00a0Professor\u00a0Ant\u00f3nio\u00a0Marcelo, do nosso Agrupamento de Escolas Martinho \u00c1rias \u2013 Soure, foi\u00a0nomeado para o Pr\u00e9mio\u00a0Professor do Ano &#8211;\u00a0Comunidade UBBU<a href=\"https:\/\/www.escolasdesoure.pt\/web\/2025\/09\/nomeacao-para-o-premio-professor-do-ano-comunidade-ubbu-2025\/\" class=\"more-link\"><span class=\"screen-reader-text\"> &#8220;Nomea\u00e7\u00e3o para o Pr\u00e9mio Professor do Ano &#8211; Comunidade UBBU 2025&#8221;<\/span><\/a><\/p>\n","protected":false},"author":1,"featured_media":21173,"comment_status":"closed","ping_status":"","sticky":false,"template":"","format":"standard","meta":{"footnotes":""},"categories":[1],"tags":[],"class_list":["post-21172","post","type-post","status-publish","format-standard","has-post-thumbnail","hentry","category-noticias"],"_links":{"self":[{"href":"https:\/\/www.escolasdesoure.pt\/web\/wp-json\/wp\/v2\/posts\/21172","targetHints":{"allow":["GET"]}}],"collection":[{"href":"https:\/\/www.escolasdesoure.pt\/web\/wp-json\/wp\/v2\/posts"}],"about":[{"href":"https:\/\/www.escolasdesoure.pt\/web\/wp-json\/wp\/v2\/types\/post"}],"author":[{"embeddable":true,"href":"https:\/\/www.escolasdesoure.pt\/web\/wp-json\/wp\/v2\/users\/1"}],"replies":[{"embeddable":true,"href":"https:\/\/www.escolasdesoure.pt\/web\/wp-json\/wp\/v2\/comments?post=21172"}],"version-history":[{"count":2,"href":"https:\/\/www.escolasdesoure.pt\/web\/wp-json\/wp\/v2\/posts\/21172\/revisions"}],"predecessor-version":[{"id":21175,"href":"https:\/\/www.escolasdesoure.pt\/web\/wp-json\/wp\/v2\/posts\/21172\/revisions\/21175"}],"wp:featuredmedia":[{"embeddable":true,"href":"https:\/\/www.escolasdesoure.pt\/web\/wp-json\/wp\/v2\/media\/21173"}],"wp:attachment":[{"href":"https:\/\/www.escolasdesoure.pt\/web\/wp-json\/wp\/v2\/media?parent=21172"}],"wp:term":[{"taxonomy":"category","embeddable":true,"href":"https:\/\/www.escolasdesoure.pt\/web\/wp-json\/wp\/v2\/categories?post=21172"},{"taxonomy":"post_tag","embeddable":true,"href":"https:\/\/www.escolasdesoure.pt\/web\/wp-json\/wp\/v2\/tags?post=21172"}],"curies":[{"name":"wp","href":"https:\/\/api.w.org\/{rel}","templated":true}]}}