{"id":21132,"date":"2025-09-04T08:23:25","date_gmt":"2025-09-04T07:23:25","guid":{"rendered":"https:\/\/www.escolasdesoure.pt\/web\/?p=21132"},"modified":"2025-09-04T08:38:14","modified_gmt":"2025-09-04T07:38:14","slug":"formandos-as-selecionados-as-para-realizarem-estagio-de-curta-duracao-em-espanha","status":"publish","type":"post","link":"https:\/\/www.escolasdesoure.pt\/web\/2025\/09\/formandos-as-selecionados-as-para-realizarem-estagio-de-curta-duracao-em-espanha\/","title":{"rendered":"Formandos\/as selecionados\/as para realizarem est\u00e1gio de curta dura\u00e7\u00e3o em Espanha"},"content":{"rendered":"\n<p>No dia 29 de janeiro de 2025, reuniu a equipa do projeto Erasmus+ \u201cO Ensino Profissional de Soure na Europa\u201d a fim de selecionar os\/as formando\/as que ir\u00e3o realizar a totalidade ou parte da Forma\u00e7\u00e3o em Contexto de Trabalho em Espanha.<\/p>\n\n\n\n<p>Os\/As selecionados\/as s\u00e3o:<\/p>\n\n\n\n<figure class=\"wp-block-table\"><table class=\"has-fixed-layout\"><tbody><tr><td><strong>Nome<\/strong><\/td><td><strong>Ano e Curso<\/strong><\/td><\/tr><tr><td>Bruna Noro<\/td><td>2\u00ba Multim\u00e9dia<\/td><\/tr><tr><td>Bruno Castanheira<\/td><td>2\u00ba Manuten\u00e7\u00e3o Industrial<\/td><\/tr><tr><td>Dionathan Pereira<\/td><td>2\u00ba Manuten\u00e7\u00e3o Industrial<\/td><\/tr><tr><td>\u00c9rica Leit\u00e3o<\/td><td>2\u00ba Restaurante e Bar<\/td><\/tr><tr><td>Guilherme Coimbra<\/td><td>2\u00ba Manuten\u00e7\u00e3o Industrial<\/td><\/tr><tr><td>Iara Martins<\/td><td>3\u00b0 Restaurante\/Bar<\/td><\/tr><tr><td>Iara Gon\u00e7alves<\/td><td>2\u00ba Restaurante e Bar<\/td><\/tr><tr><td>Leonardo Oliveira<\/td><td>2\u00ba Multim\u00e9dia<\/td><\/tr><tr><td>Leonor Pimenta<\/td><td>3\u00b0 Restaurante\/Bar<\/td><\/tr><tr><td>Maria Borges<\/td><td>2\u00ba Multim\u00e9dia<\/td><\/tr><tr><td>Maria Sim\u00f5es<\/td><td>2\u00ba Restaurante e Bar<\/td><\/tr><tr><td>Mateus Nogueira<\/td><td>3\u00b0 Restaurante\/Bar<\/td><\/tr><tr><td>Miguel Gon\u00e7alves<\/td><td>3\u00ba Multim\u00e9dia<\/td><\/tr><tr><td>Raquel Cruz<\/td><td>2\u00ba Restaurante e Bar<\/td><\/tr><tr><td>Rodrigo Isidoro<\/td><td>3\u00b0 Restaurante\/Bar<\/td><\/tr><tr><td>Sarah Cordeiro<\/td><td>3\u00ba Multim\u00e9dia<\/td><\/tr><tr><td>Sebasti\u00e1n Mart\u00ednez<\/td><td>3\u00ba Multim\u00e9dia<\/td><\/tr><tr><td>Sim\u00e3o Fel\u00edcio<\/td><td>3\u00ba Manuten\u00e7\u00e3o Industrial<\/td><\/tr><tr><td>Tom\u00e9 Madeira<\/td><td>3\u00ba Manuten\u00e7\u00e3o Industrial<\/td><\/tr><tr><td>Vit\u00f3ria Andrade<\/td><td>2\u00ba Restaurante e Bar<\/td><\/tr><\/tbody><\/table><\/figure>\n\n\n\n<p>Com a sele\u00e7\u00e3o feita iniciar-se-\u00e3o as sess\u00f5es espec\u00edficas de prepara\u00e7\u00e3o do est\u00e1gio, para al\u00e9m das sess\u00f5es que este grupo j\u00e1 tem no decorrer das atividades letivas.<\/p>\n","protected":false},"excerpt":{"rendered":"<p>No dia 29 de janeiro de 2025, reuniu a equipa do projeto Erasmus+ \u201cO Ensino Profissional de Soure na Europa\u201d a fim de selecionar os\/as<a href=\"https:\/\/www.escolasdesoure.pt\/web\/2025\/09\/formandos-as-selecionados-as-para-realizarem-estagio-de-curta-duracao-em-espanha\/\" class=\"more-link\"><span class=\"screen-reader-text\"> &#8220;Formandos\/as selecionados\/as para realizarem est\u00e1gio de curta dura\u00e7\u00e3o em Espanha&#8221;<\/span><\/a><\/p>\n","protected":false},"author":1,"featured_media":21130,"comment_status":"closed","ping_status":"closed","sticky":false,"template":"","format":"standard","meta":{"footnotes":""},"categories":[438],"tags":[306],"class_list":["post-21132","post","type-post","status-publish","format-standard","has-post-thumbnail","hentry","category-epse","tag-erasmus"],"_links":{"self":[{"href":"https:\/\/www.escolasdesoure.pt\/web\/wp-json\/wp\/v2\/posts\/21132","targetHints":{"allow":["GET"]}}],"collection":[{"href":"https:\/\/www.escolasdesoure.pt\/web\/wp-json\/wp\/v2\/posts"}],"about":[{"href":"https:\/\/www.escolasdesoure.pt\/web\/wp-json\/wp\/v2\/types\/post"}],"author":[{"embeddable":true,"href":"https:\/\/www.escolasdesoure.pt\/web\/wp-json\/wp\/v2\/users\/1"}],"replies":[{"embeddable":true,"href":"https:\/\/www.escolasdesoure.pt\/web\/wp-json\/wp\/v2\/comments?post=21132"}],"version-history":[{"count":1,"href":"https:\/\/www.escolasdesoure.pt\/web\/wp-json\/wp\/v2\/posts\/21132\/revisions"}],"predecessor-version":[{"id":21133,"href":"https:\/\/www.escolasdesoure.pt\/web\/wp-json\/wp\/v2\/posts\/21132\/revisions\/21133"}],"wp:featuredmedia":[{"embeddable":true,"href":"https:\/\/www.escolasdesoure.pt\/web\/wp-json\/wp\/v2\/media\/21130"}],"wp:attachment":[{"href":"https:\/\/www.escolasdesoure.pt\/web\/wp-json\/wp\/v2\/media?parent=21132"}],"wp:term":[{"taxonomy":"category","embeddable":true,"href":"https:\/\/www.escolasdesoure.pt\/web\/wp-json\/wp\/v2\/categories?post=21132"},{"taxonomy":"post_tag","embeddable":true,"href":"https:\/\/www.escolasdesoure.pt\/web\/wp-json\/wp\/v2\/tags?post=21132"}],"curies":[{"name":"wp","href":"https:\/\/api.w.org\/{rel}","templated":true}]}}