{"id":21129,"date":"2025-09-04T08:21:24","date_gmt":"2025-09-04T07:21:24","guid":{"rendered":"https:\/\/www.escolasdesoure.pt\/web\/?p=21129"},"modified":"2025-09-04T08:37:59","modified_gmt":"2025-09-04T07:37:59","slug":"ensino-profissional-de-soure-na-europa-projeto-erasmus-para-o-ensino-e-formacao-profissional","status":"publish","type":"post","link":"https:\/\/www.escolasdesoure.pt\/web\/2025\/09\/ensino-profissional-de-soure-na-europa-projeto-erasmus-para-o-ensino-e-formacao-profissional\/","title":{"rendered":"Ensino Profissional de Soure na Europa \u2013 projeto Erasmus+ para o ensino e forma\u00e7\u00e3o profissional"},"content":{"rendered":"\n<p>O Agrupamento de Escolas Martinho \u00c1rias, Soure (AEMAS), ao longo dos anos em que j\u00e1 desenvolve cursos profissionais tem-se deparado com a necessidade de melhorar a qualidade dos locais de est\u00e1gio de formandos\/as, promover a sua empregabilidade, melhorar o conhecimento de l\u00ednguas de formandos\/as e as compet\u00eancias t\u00e9cnicas e pedag\u00f3gicas de formadores\/as.<br \/>Para dar resposta a estas necessidades, entre dezembro de 2024 e maio de 2026, o AEMAS ter\u00e1 em funcionamento o projeto \u201cEnsino Profissional de Soure na Europa\u201d, financiado pelo programa Erasmus+, que prev\u00ea a realiza\u00e7\u00e3o de 30 mobilidades em 18 meses.<br \/>Realizar-se-\u00e3o 20 mobilidades de curta dura\u00e7\u00e3o para formandos\/as dos 2\u00ba e 3\u00ba anos dos v\u00e1rios cursos profissionais lecionados no Agrupamento; 5 mobilidades de longa dura\u00e7\u00e3o para rec\u00e9m graduados\/as e 5 mobilidades de jobshadowing para formadores\/as.<br \/>Com este projeto pretendemos promover a inser\u00e7\u00e3o no mercado de trabalho de formandos\/as aumentando em 6% a sua empregabilidade; melhorar as suas compet\u00eancias lingu\u00edsticas elevando para 14 a classifica\u00e7\u00e3o em l\u00edngua estrangeira; diminuir em 50% a falta de assiduidade e a incid\u00eancia de procedimentos disciplinares de formandos\/as; melhorar as compet\u00eancias t\u00e9cnicas e pedag\u00f3gicas de formadores\/as e aumentar para 15% a rede de parceiros internacionais, no total de parceiros que o AEMAS disp\u00f5e.<br \/>Pretendemos que os\/as formandos\/as (aprendentes e graduados\/as) desenvolvam as compet\u00eancias profissionais, lingu\u00edsticas e para a empregabilidade (adaptabilidade, flexibilidade, autonomia, trabalho em equipa e gest\u00e3o de conflitos); melhorem o seu CV e mais facilmente sejam integrados\/as no mercado de trabalho ap\u00f3s a conclus\u00e3o do curso. Pretendemos que os\/as formadores\/as desenvolvam as suas compet\u00eancias t\u00e9cnicas e pedag\u00f3gicas e que o AEMAS aumente o n\u00famero de parceiros internacionais nos seus projetos.<\/p>\n\n\n<div class=\"wp-block-image\">\n<figure class=\"aligncenter size-full\"><img decoding=\"async\" width=\"567\" height=\"567\" src=\"https:\/\/www.escolasdesoure.pt\/web\/wp-content\/uploads\/2025\/09\/Imagem1.jpg\" alt=\"\" class=\"wp-image-21130\" srcset=\"https:\/\/www.escolasdesoure.pt\/web\/wp-content\/uploads\/2025\/09\/Imagem1.jpg 567w, https:\/\/www.escolasdesoure.pt\/web\/wp-content\/uploads\/2025\/09\/Imagem1-300x300.jpg 300w, https:\/\/www.escolasdesoure.pt\/web\/wp-content\/uploads\/2025\/09\/Imagem1-150x150.jpg 150w, https:\/\/www.escolasdesoure.pt\/web\/wp-content\/uploads\/2025\/09\/Imagem1-75x75.jpg 75w\" sizes=\"(max-width: 567px) 100vw, 567px\" \/><\/figure>\n<\/div>","protected":false},"excerpt":{"rendered":"<p>O Agrupamento de Escolas Martinho \u00c1rias, Soure (AEMAS), ao longo dos anos em que j\u00e1 desenvolve cursos profissionais tem-se deparado com a necessidade de melhorar<a href=\"https:\/\/www.escolasdesoure.pt\/web\/2025\/09\/ensino-profissional-de-soure-na-europa-projeto-erasmus-para-o-ensino-e-formacao-profissional\/\" class=\"more-link\"><span class=\"screen-reader-text\"> &#8220;Ensino Profissional de Soure na Europa \u2013 projeto Erasmus+ para o ensino e forma\u00e7\u00e3o profissional&#8221;<\/span><\/a><\/p>\n","protected":false},"author":1,"featured_media":21130,"comment_status":"closed","ping_status":"closed","sticky":false,"template":"","format":"standard","meta":{"footnotes":""},"categories":[438],"tags":[306],"class_list":["post-21129","post","type-post","status-publish","format-standard","has-post-thumbnail","hentry","category-epse","tag-erasmus"],"_links":{"self":[{"href":"https:\/\/www.escolasdesoure.pt\/web\/wp-json\/wp\/v2\/posts\/21129","targetHints":{"allow":["GET"]}}],"collection":[{"href":"https:\/\/www.escolasdesoure.pt\/web\/wp-json\/wp\/v2\/posts"}],"about":[{"href":"https:\/\/www.escolasdesoure.pt\/web\/wp-json\/wp\/v2\/types\/post"}],"author":[{"embeddable":true,"href":"https:\/\/www.escolasdesoure.pt\/web\/wp-json\/wp\/v2\/users\/1"}],"replies":[{"embeddable":true,"href":"https:\/\/www.escolasdesoure.pt\/web\/wp-json\/wp\/v2\/comments?post=21129"}],"version-history":[{"count":1,"href":"https:\/\/www.escolasdesoure.pt\/web\/wp-json\/wp\/v2\/posts\/21129\/revisions"}],"predecessor-version":[{"id":21131,"href":"https:\/\/www.escolasdesoure.pt\/web\/wp-json\/wp\/v2\/posts\/21129\/revisions\/21131"}],"wp:featuredmedia":[{"embeddable":true,"href":"https:\/\/www.escolasdesoure.pt\/web\/wp-json\/wp\/v2\/media\/21130"}],"wp:attachment":[{"href":"https:\/\/www.escolasdesoure.pt\/web\/wp-json\/wp\/v2\/media?parent=21129"}],"wp:term":[{"taxonomy":"category","embeddable":true,"href":"https:\/\/www.escolasdesoure.pt\/web\/wp-json\/wp\/v2\/categories?post=21129"},{"taxonomy":"post_tag","embeddable":true,"href":"https:\/\/www.escolasdesoure.pt\/web\/wp-json\/wp\/v2\/tags?post=21129"}],"curies":[{"name":"wp","href":"https:\/\/api.w.org\/{rel}","templated":true}]}}