{"id":20763,"date":"2025-05-02T09:43:40","date_gmt":"2025-05-02T08:43:40","guid":{"rendered":"https:\/\/www.escolasdesoure.pt\/web\/?p=20763"},"modified":"2025-05-02T09:45:30","modified_gmt":"2025-05-02T08:45:30","slug":"encontro-epas-um-dia-de-partilha-reflexao-e-convivio","status":"publish","type":"post","link":"https:\/\/www.escolasdesoure.pt\/web\/2025\/05\/encontro-epas-um-dia-de-partilha-reflexao-e-convivio\/","title":{"rendered":"Encontro EPAS: Um Dia de Partilha, Reflex\u00e3o e Conv\u00edvio"},"content":{"rendered":"\n<p>No passado dia 24 de abril, decorreu, no Piod\u00e3o, mais um Encontro de Escolas Embaixadoras do Parlamento Europeu (EPAS). Organizado pelo Agrupamento de Escolas de Arganil, o Encontro contou com a presen\u00e7a de escolas de todo o pa\u00eds e o AEMAS fez-se representar com quatro Embaixadores Juniores.<\/p>\n\n\n\n<p>Os trabalhos da manh\u00e3 decorreram no Hotel Inatel Piod\u00e3o onde foram divulgadas diversas iniciativas e campanhas no \u00e2mbito dos Direitos Humanos e Democracia.<\/p>\n\n\n\n<p><a href=\"https:\/\/www.akto.org\/pt\/\">https:\/\/www.akto.org\/pt\/<\/a> \u00e9 uma ONG que educa e promove a\u00e7\u00f5es de forma\u00e7\u00e3o nas escolas. A sess\u00e3o serviu tamb\u00e9m para sensibilizar sobre temas como a viol\u00eancia de g\u00e9nero e o tr\u00e1fico de seres humanos. Destacou-se a campanha \u201cMy Voice, My Choice\u201d, que visa recolher <em>1 milh\u00e3o de assinaturas<\/em> para garantir o acesso seguro ao aborto na Europa.<\/p>\n\n\n\n<p>Seguiu-se a interven\u00e7\u00e3o de Roberto Carlos com o tema \u201cDesafios do s\u00e9culo XXI e a Juventude\u201d. Inspirado em projetos de cidadania e desporto no combate \u00e0 fome, este orador abordou a import\u00e2ncia da sa\u00fade f\u00edsica e mental, a preserva\u00e7\u00e3o da natureza e a sustentabilidade. Apresentou ainda o projeto \u201cBike for Life\u201d, iniciado em 2022, que pretende expandir-se para Espanha e alertar para diversas crises contempor\u00e2neas: de sa\u00fade, ambiental, social e \u00e9tica.<\/p>\n\n\n\n<p>Ap\u00f3s um breve coffee break, uma representante do EuropeDirect Coimbra e Leiria falou sobre as suas iniciativas, como as Olimp\u00edadas da Uni\u00e3o Europeia, em que o grupo EPAS do AEMAS participou. Foi tamb\u00e9m apresentado o projeto &#8220;Europe XXI&#8221; <a href=\"https:\/\/associacaoeuropexxi.wordpress.com\/\">https:\/\/associacaoeuropexxi.wordpress.com\/<\/a>, criado para promover o debate sobre temas importantes para o futuro da Uni\u00e3o Europeia. Ap\u00f3s esta breve introdu\u00e7\u00e3o, foi feito um quiz sobre a UE e explanado o funcionamento das principais institui\u00e7\u00f5es europeias. Por fim, os participantes partilharam o que a Uni\u00e3o Europeia representa para si e aprenderam como podem intervir como cidad\u00e3os europeus.<\/p>\n\n\n\n<p>O encontro da manh\u00e3 terminou com o hino EPAS, a entrega de pr\u00e9mios e o agradecimento da coordenadora nacional, a Doutora Isabel Baltazar.<br \/>Ap\u00f3s o almo\u00e7o partilhado na encantadora aldeia de Pi\u00f3d\u00e3o, houve ainda tempo livre para visitar a \u00e1rea envolvente e, no final, todos os participantes se juntaram para uma fotografia de despedida, celebrando assim um dia de aprendizagens e momentos especiais.<\/p>\n\n\n\n<p>Queremos deixar um agradecimento muito especial \u00e0 C\u00e2mara Municipal, cujo apoio foi fundamental para a nossa participa\u00e7\u00e3o neste encontro. O seu contributo proporcionou aos representantes EPAS um dia repleto de partilhas e de cidadania ativa. Obrigada\/o por acreditarem na import\u00e2ncia de formar jovens mais conscientes, informados e comprometidos com o futuro da Europa!<\/p>\n\n\n\n<p>Os Embaixadores Juniores, Leonor A. &amp; Rafael D.<\/p>\n\n\n\n<figure class=\"wp-block-gallery has-nested-images columns-2 wp-block-gallery-1 is-layout-flex wp-block-gallery-is-layout-flex\">\n<figure class=\"wp-block-image size-large\"><img decoding=\"async\" width=\"900\" height=\"675\" data-id=\"20772\" src=\"https:\/\/www.escolasdesoure.pt\/web\/wp-content\/uploads\/2025\/05\/1-1.jpg\" alt=\"\" class=\"wp-image-20772\" srcset=\"https:\/\/www.escolasdesoure.pt\/web\/wp-content\/uploads\/2025\/05\/1-1.jpg 900w, https:\/\/www.escolasdesoure.pt\/web\/wp-content\/uploads\/2025\/05\/1-1-300x225.jpg 300w, https:\/\/www.escolasdesoure.pt\/web\/wp-content\/uploads\/2025\/05\/1-1-768x576.jpg 768w\" sizes=\"(max-width: 900px) 100vw, 900px\" \/><\/figure>\n\n\n\n<figure class=\"wp-block-image size-large\"><img decoding=\"async\" width=\"900\" height=\"675\" data-id=\"20771\" src=\"https:\/\/www.escolasdesoure.pt\/web\/wp-content\/uploads\/2025\/05\/1-4.jpg\" alt=\"\" class=\"wp-image-20771\" srcset=\"https:\/\/www.escolasdesoure.pt\/web\/wp-content\/uploads\/2025\/05\/1-4.jpg 900w, https:\/\/www.escolasdesoure.pt\/web\/wp-content\/uploads\/2025\/05\/1-4-300x225.jpg 300w, https:\/\/www.escolasdesoure.pt\/web\/wp-content\/uploads\/2025\/05\/1-4-768x576.jpg 768w\" sizes=\"(max-width: 900px) 100vw, 900px\" \/><\/figure>\n\n\n\n<figure class=\"wp-block-image size-large\"><img decoding=\"async\" width=\"675\" height=\"900\" data-id=\"20773\" src=\"https:\/\/www.escolasdesoure.pt\/web\/wp-content\/uploads\/2025\/05\/1-2-rotated.jpg\" alt=\"\" class=\"wp-image-20773\" srcset=\"https:\/\/www.escolasdesoure.pt\/web\/wp-content\/uploads\/2025\/05\/1-2-rotated.jpg 675w, https:\/\/www.escolasdesoure.pt\/web\/wp-content\/uploads\/2025\/05\/1-2-225x300.jpg 225w\" sizes=\"(max-width: 675px) 100vw, 675px\" \/><\/figure>\n\n\n\n<figure class=\"wp-block-image size-large\"><img decoding=\"async\" width=\"675\" height=\"900\" data-id=\"20770\" src=\"https:\/\/www.escolasdesoure.pt\/web\/wp-content\/uploads\/2025\/05\/1-3-rotated.jpg\" alt=\"\" class=\"wp-image-20770\" srcset=\"https:\/\/www.escolasdesoure.pt\/web\/wp-content\/uploads\/2025\/05\/1-3-rotated.jpg 675w, https:\/\/www.escolasdesoure.pt\/web\/wp-content\/uploads\/2025\/05\/1-3-225x300.jpg 225w\" sizes=\"(max-width: 675px) 100vw, 675px\" \/><\/figure>\n<\/figure>\n","protected":false},"excerpt":{"rendered":"<p>No passado dia 24 de abril, decorreu, no Piod\u00e3o, mais um Encontro de Escolas Embaixadoras do Parlamento Europeu (EPAS). Organizado pelo Agrupamento de Escolas de<a href=\"https:\/\/www.escolasdesoure.pt\/web\/2025\/05\/encontro-epas-um-dia-de-partilha-reflexao-e-convivio\/\" class=\"more-link\"><span class=\"screen-reader-text\"> &#8220;Encontro EPAS: Um Dia de Partilha, Reflex\u00e3o e Conv\u00edvio&#8221;<\/span><\/a><\/p>\n","protected":false},"author":1,"featured_media":20772,"comment_status":"closed","ping_status":"","sticky":false,"template":"","format":"standard","meta":{"footnotes":""},"categories":[1],"tags":[406],"class_list":["post-20763","post","type-post","status-publish","format-standard","has-post-thumbnail","hentry","category-noticias","tag-epas"],"_links":{"self":[{"href":"https:\/\/www.escolasdesoure.pt\/web\/wp-json\/wp\/v2\/posts\/20763","targetHints":{"allow":["GET"]}}],"collection":[{"href":"https:\/\/www.escolasdesoure.pt\/web\/wp-json\/wp\/v2\/posts"}],"about":[{"href":"https:\/\/www.escolasdesoure.pt\/web\/wp-json\/wp\/v2\/types\/post"}],"author":[{"embeddable":true,"href":"https:\/\/www.escolasdesoure.pt\/web\/wp-json\/wp\/v2\/users\/1"}],"replies":[{"embeddable":true,"href":"https:\/\/www.escolasdesoure.pt\/web\/wp-json\/wp\/v2\/comments?post=20763"}],"version-history":[{"count":4,"href":"https:\/\/www.escolasdesoure.pt\/web\/wp-json\/wp\/v2\/posts\/20763\/revisions"}],"predecessor-version":[{"id":20775,"href":"https:\/\/www.escolasdesoure.pt\/web\/wp-json\/wp\/v2\/posts\/20763\/revisions\/20775"}],"wp:featuredmedia":[{"embeddable":true,"href":"https:\/\/www.escolasdesoure.pt\/web\/wp-json\/wp\/v2\/media\/20772"}],"wp:attachment":[{"href":"https:\/\/www.escolasdesoure.pt\/web\/wp-json\/wp\/v2\/media?parent=20763"}],"wp:term":[{"taxonomy":"category","embeddable":true,"href":"https:\/\/www.escolasdesoure.pt\/web\/wp-json\/wp\/v2\/categories?post=20763"},{"taxonomy":"post_tag","embeddable":true,"href":"https:\/\/www.escolasdesoure.pt\/web\/wp-json\/wp\/v2\/tags?post=20763"}],"curies":[{"name":"wp","href":"https:\/\/api.w.org\/{rel}","templated":true}]}}