{"id":20516,"date":"2025-03-12T08:44:33","date_gmt":"2025-03-12T08:44:33","guid":{"rendered":"https:\/\/www.escolasdesoure.pt\/web\/?p=20516"},"modified":"2025-03-12T08:44:52","modified_gmt":"2025-03-12T08:44:52","slug":"e-diario-5-mobilidade-de-alunos-em-montichiari-italia","status":"publish","type":"post","link":"https:\/\/www.escolasdesoure.pt\/web\/2025\/03\/e-diario-5-mobilidade-de-alunos-em-montichiari-italia\/","title":{"rendered":"e-di\u00e1rio 5 &#8211; Mobilidade de alunos em Montichiari, It\u00e1lia"},"content":{"rendered":"\n<p>Terminada a 2\u00aa mobilidade Erasmus+ de alunos, desta feita, por terras italianas, muitas foram as aprendizagens feitas e partilhadas com os alunos do Istituto de Istruzione Superiore Don Milani ao longo da \u00faltima semana de fevereiro.<\/p>\n\n\n\n<p>Para al\u00e9m de assistir \u00e0s aulas dos seus respetivos parceiros italianos, os nossos alunos puderam descobrir e saber mais sobre a cultura do pa\u00eds europeu com mais influ\u00eancias romana e renascentista. A riqueza hist\u00f3rica, monumental e paisag\u00edstica das cidades de Montichiari, Br\u00e9scia, Verona e M\u00e2ntua faz hoje parte das mem\u00f3rias dos jovens aventureiros das turmas B e C do 10\u00ba ano e do 11\u00baC.<\/p>\n\n\n\n<p>Uma vez mais, agradecemos a colabora\u00e7\u00e3o do Munic\u00edpio de Soure no transporte de e para o aeroporto e nas lembran\u00e7as do nosso concelho, entregues \u00e0s fam\u00edlias italianas que t\u00e3o gentilmente receberam com carinho os nossos alunos.<\/p>\n\n\n\n<p>Renovamos tamb\u00e9m a nossa gratid\u00e3o \u00e0s fam\u00edlias do nosso Agrupamento que souberam valorizar a pertin\u00eancia dos projetos Erasmus + para o crescimento social, c\u00edvico e intelectual dos seus educandos.<\/p>\n\n\n<div class=\"wp-block-image\">\n<figure class=\"aligncenter size-full\"><img decoding=\"async\" width=\"628\" height=\"800\" src=\"https:\/\/www.escolasdesoure.pt\/web\/wp-content\/uploads\/2025\/03\/E-diario-5-Italia.jpg\" alt=\"\" class=\"wp-image-20517\" srcset=\"https:\/\/www.escolasdesoure.pt\/web\/wp-content\/uploads\/2025\/03\/E-diario-5-Italia.jpg 628w, https:\/\/www.escolasdesoure.pt\/web\/wp-content\/uploads\/2025\/03\/E-diario-5-Italia-236x300.jpg 236w\" sizes=\"(max-width: 628px) 100vw, 628px\" \/><\/figure>\n<\/div>","protected":false},"excerpt":{"rendered":"<p>Terminada a 2\u00aa mobilidade Erasmus+ de alunos, desta feita, por terras italianas, muitas foram as aprendizagens feitas e partilhadas com os alunos do Istituto de<a href=\"https:\/\/www.escolasdesoure.pt\/web\/2025\/03\/e-diario-5-mobilidade-de-alunos-em-montichiari-italia\/\" class=\"more-link\"><span class=\"screen-reader-text\"> &#8220;e-di\u00e1rio 5 &#8211; Mobilidade de alunos em Montichiari, It\u00e1lia&#8221;<\/span><\/a><\/p>\n","protected":false},"author":1,"featured_media":20517,"comment_status":"closed","ping_status":"","sticky":false,"template":"","format":"standard","meta":{"footnotes":""},"categories":[1],"tags":[306],"class_list":["post-20516","post","type-post","status-publish","format-standard","has-post-thumbnail","hentry","category-noticias","tag-erasmus"],"_links":{"self":[{"href":"https:\/\/www.escolasdesoure.pt\/web\/wp-json\/wp\/v2\/posts\/20516","targetHints":{"allow":["GET"]}}],"collection":[{"href":"https:\/\/www.escolasdesoure.pt\/web\/wp-json\/wp\/v2\/posts"}],"about":[{"href":"https:\/\/www.escolasdesoure.pt\/web\/wp-json\/wp\/v2\/types\/post"}],"author":[{"embeddable":true,"href":"https:\/\/www.escolasdesoure.pt\/web\/wp-json\/wp\/v2\/users\/1"}],"replies":[{"embeddable":true,"href":"https:\/\/www.escolasdesoure.pt\/web\/wp-json\/wp\/v2\/comments?post=20516"}],"version-history":[{"count":1,"href":"https:\/\/www.escolasdesoure.pt\/web\/wp-json\/wp\/v2\/posts\/20516\/revisions"}],"predecessor-version":[{"id":20518,"href":"https:\/\/www.escolasdesoure.pt\/web\/wp-json\/wp\/v2\/posts\/20516\/revisions\/20518"}],"wp:featuredmedia":[{"embeddable":true,"href":"https:\/\/www.escolasdesoure.pt\/web\/wp-json\/wp\/v2\/media\/20517"}],"wp:attachment":[{"href":"https:\/\/www.escolasdesoure.pt\/web\/wp-json\/wp\/v2\/media?parent=20516"}],"wp:term":[{"taxonomy":"category","embeddable":true,"href":"https:\/\/www.escolasdesoure.pt\/web\/wp-json\/wp\/v2\/categories?post=20516"},{"taxonomy":"post_tag","embeddable":true,"href":"https:\/\/www.escolasdesoure.pt\/web\/wp-json\/wp\/v2\/tags?post=20516"}],"curies":[{"name":"wp","href":"https:\/\/api.w.org\/{rel}","templated":true}]}}