{"id":20496,"date":"2025-03-10T08:57:00","date_gmt":"2025-03-10T08:57:00","guid":{"rendered":"https:\/\/www.escolasdesoure.pt\/web\/?p=20496"},"modified":"2025-03-10T14:52:35","modified_gmt":"2025-03-10T14:52:35","slug":"visita-de-estudo-a-mafra","status":"publish","type":"post","link":"https:\/\/www.escolasdesoure.pt\/web\/2025\/03\/visita-de-estudo-a-mafra\/","title":{"rendered":"Visita de estudo a Mafra"},"content":{"rendered":"\n<p><strong>O que fomos fazer a Mafra?<br \/>Fomos ver o convento, o tal do \u201cMemorial do Convento\u201d, de Jos\u00e9 Saramago.<\/strong><\/p>\n\n\n\n<p>\u00abPrometo, pela minha palavra real, que farei construir um convento de franciscanos na vila de Mafra se a rainha me der um filho no prazo de um ano a contar deste dia em que estamos\u2026\u00bb.<\/p>\n\n\n\n<p class=\"has-text-align-right\">Jos\u00e9 Saramago, Memorial do Convento<\/p>\n\n\n\n<p>\u201cMemorial do Convento\u201d, de Jos\u00e9 Saramago, primeiro autor portugu\u00eas distinguido com o Pr\u00e9mio Nobel da Literatura, em 1998, levou os alunos do 12o ano, do Agrupamento de Escolas Martinho \u00c1rias, a visitar a Vila de Mafra, no dia 21 de fevereiro.<br \/>Este romance hist\u00f3rico, obra de leitura integral, foi inspirado na constru\u00e7\u00e3o do convento de Mafra que se deve a D. Jo\u00e3o V, o Rei &#8220;Magn\u00e2nimo&#8221;, na sequ\u00eancia do cumprimento da promessa que havia feito caso tivesse um descendente para ocupar o trono. As personagens hist\u00f3ricas e fict\u00edcias do enredo criado por Saramago ganharam vida neste dia que constituiu uma aut\u00eantica viagem \u00e0 \u00e9poca setecentista.<br \/>O majestoso Pal\u00e1cio &#8211; Convento de Mafra foi percorrido pelos alunos orientados por guias que fizeram uma integra\u00e7\u00e3o hist\u00f3ria do romance de Saramago, relacionando as personagens hist\u00f3ricas e ficcionais com a constru\u00e7\u00e3o do edif\u00edcio, num percurso que permitiu observar a riqueza hist\u00f3rica e a sumptuosidade do espa\u00e7o, pensado para se afirmar como s\u00edmbolo do poder da monarquia absoluta em Portugal, no s\u00e9culo XVIII.<br \/>J\u00e1 no Centro de Interpreta\u00e7\u00e3o da Vila de Mafra, no decurso da visita guiada, os alunos aperceberam-se do impacto da constru\u00e7\u00e3o do majestoso convento de Mafra na Vila que n\u00e3o voltou a ser igual. Se o projeto original de Johann Friedrich Ludwig previa inicialmente apenas espa\u00e7o para 13 frades, mais tarde, passou a ter capacidade para 300 frades, a fam\u00edlia real, o patriarcado e a corte. O extraordin\u00e1rio aumento do edif\u00edcio projetado evidencia, na perspetiva de Saramago, a megalomania do Rei D. Jo\u00e3o V que at\u00e9 se identificava com o Papa Paulo V.<\/p>\n\n\n\n<p class=\"has-text-align-right\">Carla Castro e Gracinda Henriques<\/p>\n\n\n\n<blockquote class=\"wp-block-quote is-layout-flow wp-block-quote-is-layout-flow\">\n<figure class=\"wp-block-gallery has-nested-images columns-default is-cropped wp-block-gallery-1 is-layout-flex wp-block-gallery-is-layout-flex\">\n<figure class=\"wp-block-image size-large\"><img decoding=\"async\" width=\"448\" height=\"800\" data-id=\"20498\" src=\"https:\/\/www.escolasdesoure.pt\/web\/wp-content\/uploads\/2025\/03\/1.-A-caminho-do-palacio-convento-rotated.jpg\" alt=\"\" class=\"wp-image-20498\" srcset=\"https:\/\/www.escolasdesoure.pt\/web\/wp-content\/uploads\/2025\/03\/1.-A-caminho-do-palacio-convento-rotated.jpg 448w, https:\/\/www.escolasdesoure.pt\/web\/wp-content\/uploads\/2025\/03\/1.-A-caminho-do-palacio-convento-168x300.jpg 168w\" sizes=\"(max-width: 448px) 100vw, 448px\" \/><\/figure>\n\n\n\n<figure class=\"wp-block-image size-large\"><img decoding=\"async\" width=\"450\" height=\"800\" data-id=\"20499\" src=\"https:\/\/www.escolasdesoure.pt\/web\/wp-content\/uploads\/2025\/03\/3.-Basilica-fachada-principal-rotated.jpg\" alt=\"\" class=\"wp-image-20499\" srcset=\"https:\/\/www.escolasdesoure.pt\/web\/wp-content\/uploads\/2025\/03\/3.-Basilica-fachada-principal-rotated.jpg 450w, https:\/\/www.escolasdesoure.pt\/web\/wp-content\/uploads\/2025\/03\/3.-Basilica-fachada-principal-169x300.jpg 169w\" sizes=\"(max-width: 450px) 100vw, 450px\" \/><\/figure>\n\n\n\n<figure class=\"wp-block-image size-large\"><img decoding=\"async\" width=\"800\" height=\"450\" data-id=\"20502\" src=\"https:\/\/www.escolasdesoure.pt\/web\/wp-content\/uploads\/2025\/03\/4.-Torreao-esquerdo.jpg\" alt=\"\" class=\"wp-image-20502\" srcset=\"https:\/\/www.escolasdesoure.pt\/web\/wp-content\/uploads\/2025\/03\/4.-Torreao-esquerdo.jpg 800w, https:\/\/www.escolasdesoure.pt\/web\/wp-content\/uploads\/2025\/03\/4.-Torreao-esquerdo-300x169.jpg 300w, https:\/\/www.escolasdesoure.pt\/web\/wp-content\/uploads\/2025\/03\/4.-Torreao-esquerdo-768x432.jpg 768w\" sizes=\"(max-width: 800px) 100vw, 800px\" \/><\/figure>\n\n\n\n<figure class=\"wp-block-image size-large\"><img decoding=\"async\" width=\"450\" height=\"800\" data-id=\"20500\" src=\"https:\/\/www.escolasdesoure.pt\/web\/wp-content\/uploads\/2025\/03\/5.-Escadaria-do-palacio-rotated.jpg\" alt=\"\" class=\"wp-image-20500\" srcset=\"https:\/\/www.escolasdesoure.pt\/web\/wp-content\/uploads\/2025\/03\/5.-Escadaria-do-palacio-rotated.jpg 450w, https:\/\/www.escolasdesoure.pt\/web\/wp-content\/uploads\/2025\/03\/5.-Escadaria-do-palacio-169x300.jpg 169w\" sizes=\"(max-width: 450px) 100vw, 450px\" \/><\/figure>\n\n\n\n<figure class=\"wp-block-image size-large\"><img decoding=\"async\" width=\"450\" height=\"800\" data-id=\"20501\" src=\"https:\/\/www.escolasdesoure.pt\/web\/wp-content\/uploads\/2025\/03\/6.-Enfermaria-rotated.jpg\" alt=\"\" class=\"wp-image-20501\" srcset=\"https:\/\/www.escolasdesoure.pt\/web\/wp-content\/uploads\/2025\/03\/6.-Enfermaria-rotated.jpg 450w, https:\/\/www.escolasdesoure.pt\/web\/wp-content\/uploads\/2025\/03\/6.-Enfermaria-169x300.jpg 169w\" sizes=\"(max-width: 450px) 100vw, 450px\" \/><\/figure>\n\n\n\n<figure class=\"wp-block-image size-large\"><img decoding=\"async\" width=\"450\" height=\"800\" data-id=\"20503\" src=\"https:\/\/www.escolasdesoure.pt\/web\/wp-content\/uploads\/2025\/03\/7.-Biblioteca-rotated.jpg\" alt=\"\" class=\"wp-image-20503\" srcset=\"https:\/\/www.escolasdesoure.pt\/web\/wp-content\/uploads\/2025\/03\/7.-Biblioteca-rotated.jpg 450w, https:\/\/www.escolasdesoure.pt\/web\/wp-content\/uploads\/2025\/03\/7.-Biblioteca-169x300.jpg 169w\" sizes=\"(max-width: 450px) 100vw, 450px\" \/><\/figure>\n\n\n\n<figure class=\"wp-block-image size-large\"><img decoding=\"async\" width=\"800\" height=\"211\" data-id=\"20497\" src=\"https:\/\/www.escolasdesoure.pt\/web\/wp-content\/uploads\/2025\/03\/2.-Palacio-Convento-de-Mafra.jpg\" alt=\"\" class=\"wp-image-20497\" srcset=\"https:\/\/www.escolasdesoure.pt\/web\/wp-content\/uploads\/2025\/03\/2.-Palacio-Convento-de-Mafra.jpg 800w, https:\/\/www.escolasdesoure.pt\/web\/wp-content\/uploads\/2025\/03\/2.-Palacio-Convento-de-Mafra-300x79.jpg 300w, https:\/\/www.escolasdesoure.pt\/web\/wp-content\/uploads\/2025\/03\/2.-Palacio-Convento-de-Mafra-768x203.jpg 768w\" sizes=\"(max-width: 800px) 100vw, 800px\" \/><\/figure>\n<\/figure>\n<\/blockquote>\n","protected":false},"excerpt":{"rendered":"<p>O que fomos fazer a Mafra?Fomos ver o convento, o tal do \u201cMemorial do Convento\u201d, de Jos\u00e9 Saramago. \u00abPrometo, pela minha palavra real, que farei<a href=\"https:\/\/www.escolasdesoure.pt\/web\/2025\/03\/visita-de-estudo-a-mafra\/\" class=\"more-link\"><span class=\"screen-reader-text\"> &#8220;Visita de estudo a Mafra&#8221;<\/span><\/a><\/p>\n","protected":false},"author":1,"featured_media":20497,"comment_status":"closed","ping_status":"","sticky":false,"template":"","format":"standard","meta":{"footnotes":""},"categories":[1],"tags":[47],"class_list":["post-20496","post","type-post","status-publish","format-standard","has-post-thumbnail","hentry","category-noticias","tag-visitas-de-estudo"],"_links":{"self":[{"href":"https:\/\/www.escolasdesoure.pt\/web\/wp-json\/wp\/v2\/posts\/20496","targetHints":{"allow":["GET"]}}],"collection":[{"href":"https:\/\/www.escolasdesoure.pt\/web\/wp-json\/wp\/v2\/posts"}],"about":[{"href":"https:\/\/www.escolasdesoure.pt\/web\/wp-json\/wp\/v2\/types\/post"}],"author":[{"embeddable":true,"href":"https:\/\/www.escolasdesoure.pt\/web\/wp-json\/wp\/v2\/users\/1"}],"replies":[{"embeddable":true,"href":"https:\/\/www.escolasdesoure.pt\/web\/wp-json\/wp\/v2\/comments?post=20496"}],"version-history":[{"count":3,"href":"https:\/\/www.escolasdesoure.pt\/web\/wp-json\/wp\/v2\/posts\/20496\/revisions"}],"predecessor-version":[{"id":20512,"href":"https:\/\/www.escolasdesoure.pt\/web\/wp-json\/wp\/v2\/posts\/20496\/revisions\/20512"}],"wp:featuredmedia":[{"embeddable":true,"href":"https:\/\/www.escolasdesoure.pt\/web\/wp-json\/wp\/v2\/media\/20497"}],"wp:attachment":[{"href":"https:\/\/www.escolasdesoure.pt\/web\/wp-json\/wp\/v2\/media?parent=20496"}],"wp:term":[{"taxonomy":"category","embeddable":true,"href":"https:\/\/www.escolasdesoure.pt\/web\/wp-json\/wp\/v2\/categories?post=20496"},{"taxonomy":"post_tag","embeddable":true,"href":"https:\/\/www.escolasdesoure.pt\/web\/wp-json\/wp\/v2\/tags?post=20496"}],"curies":[{"name":"wp","href":"https:\/\/api.w.org\/{rel}","templated":true}]}}