{"id":20168,"date":"2025-01-16T10:39:40","date_gmt":"2025-01-16T10:39:40","guid":{"rendered":"https:\/\/www.escolasdesoure.pt\/web\/?p=20168"},"modified":"2025-01-24T15:21:09","modified_gmt":"2025-01-24T15:21:09","slug":"cantar-dos-reis","status":"publish","type":"post","link":"https:\/\/www.escolasdesoure.pt\/web\/2025\/01\/cantar-dos-reis\/","title":{"rendered":"Cantar\u00a0 dos Reis"},"content":{"rendered":"\n<p>Nos dias 6 e&nbsp; 7 de janeiro, a Escola B\u00e1sica e Secund\u00e1ria Martinho \u00c1rias celebrou a tradicional festa de Cantar&nbsp; dos Reis, envolvendo os alunos do 2\u00ba ciclo , alunos&nbsp; da Sala de Apoio Especializado , professores e assistentes operacionais, que com muita alegria, cantaram&nbsp; as Janeiras&nbsp; \u00e0 comunidade escolar.<\/p>\n\n\n\n<p>A&nbsp; atividade foi&nbsp; marcada por momentos de partilha e conv\u00edvio, celebrando a alegria e o respeito pelas tradi\u00e7\u00f5es culturais. Foi sem d\u00favida um grande sucesso e uma experi\u00eancia enriquecedora.<\/p>\n\n\n\n<p>Um agradecimento muito especial a todos os que se envolveram, com entusiasmo e dedica\u00e7\u00e3o tornando este dia inesquec\u00edvel.<\/p>\n\n\n\n<p>A&nbsp; professora&nbsp;<\/p>\n\n\n\n<p>Maria Mendes<\/p>\n\n\n\n<figure class=\"wp-block-gallery has-nested-images columns-2 is-cropped wp-block-gallery-1 is-layout-flex wp-block-gallery-is-layout-flex\">\n<figure class=\"wp-block-image size-large\"><img decoding=\"async\" width=\"800\" height=\"450\" data-id=\"20169\" src=\"https:\/\/www.escolasdesoure.pt\/web\/wp-content\/uploads\/2025\/01\/006-1.jpg\" alt=\"\" class=\"wp-image-20169\" srcset=\"https:\/\/www.escolasdesoure.pt\/web\/wp-content\/uploads\/2025\/01\/006-1.jpg 800w, https:\/\/www.escolasdesoure.pt\/web\/wp-content\/uploads\/2025\/01\/006-1-300x169.jpg 300w, https:\/\/www.escolasdesoure.pt\/web\/wp-content\/uploads\/2025\/01\/006-1-768x432.jpg 768w\" sizes=\"(max-width: 800px) 100vw, 800px\" \/><\/figure>\n\n\n\n<figure class=\"wp-block-image size-large\"><img decoding=\"async\" width=\"800\" height=\"450\" data-id=\"20170\" src=\"https:\/\/www.escolasdesoure.pt\/web\/wp-content\/uploads\/2025\/01\/007-1.jpg\" alt=\"\" class=\"wp-image-20170\" srcset=\"https:\/\/www.escolasdesoure.pt\/web\/wp-content\/uploads\/2025\/01\/007-1.jpg 800w, https:\/\/www.escolasdesoure.pt\/web\/wp-content\/uploads\/2025\/01\/007-1-300x169.jpg 300w, https:\/\/www.escolasdesoure.pt\/web\/wp-content\/uploads\/2025\/01\/007-1-768x432.jpg 768w\" sizes=\"(max-width: 800px) 100vw, 800px\" \/><\/figure>\n\n\n\n<figure class=\"wp-block-image size-large\"><img decoding=\"async\" width=\"800\" height=\"450\" data-id=\"20172\" src=\"https:\/\/www.escolasdesoure.pt\/web\/wp-content\/uploads\/2025\/01\/008.jpg\" alt=\"\" class=\"wp-image-20172\" srcset=\"https:\/\/www.escolasdesoure.pt\/web\/wp-content\/uploads\/2025\/01\/008.jpg 800w, https:\/\/www.escolasdesoure.pt\/web\/wp-content\/uploads\/2025\/01\/008-300x169.jpg 300w, https:\/\/www.escolasdesoure.pt\/web\/wp-content\/uploads\/2025\/01\/008-768x432.jpg 768w\" sizes=\"(max-width: 800px) 100vw, 800px\" \/><\/figure>\n\n\n\n<figure class=\"wp-block-image size-large\"><img decoding=\"async\" width=\"450\" height=\"800\" data-id=\"20171\" src=\"https:\/\/www.escolasdesoure.pt\/web\/wp-content\/uploads\/2025\/01\/009.jpg\" alt=\"\" class=\"wp-image-20171\" srcset=\"https:\/\/www.escolasdesoure.pt\/web\/wp-content\/uploads\/2025\/01\/009.jpg 450w, https:\/\/www.escolasdesoure.pt\/web\/wp-content\/uploads\/2025\/01\/009-169x300.jpg 169w\" sizes=\"(max-width: 450px) 100vw, 450px\" \/><\/figure>\n\n\n\n<figure class=\"wp-block-image size-large\"><img decoding=\"async\" width=\"800\" height=\"600\" data-id=\"20247\" src=\"https:\/\/www.escolasdesoure.pt\/web\/wp-content\/uploads\/2025\/01\/20250107_100426.jpg\" alt=\"\" class=\"wp-image-20247\" srcset=\"https:\/\/www.escolasdesoure.pt\/web\/wp-content\/uploads\/2025\/01\/20250107_100426.jpg 800w, https:\/\/www.escolasdesoure.pt\/web\/wp-content\/uploads\/2025\/01\/20250107_100426-300x225.jpg 300w, https:\/\/www.escolasdesoure.pt\/web\/wp-content\/uploads\/2025\/01\/20250107_100426-768x576.jpg 768w\" sizes=\"(max-width: 800px) 100vw, 800px\" \/><\/figure>\n<\/figure>\n","protected":false},"excerpt":{"rendered":"<p>Nos dias 6 e&nbsp; 7 de janeiro, a Escola B\u00e1sica e Secund\u00e1ria Martinho \u00c1rias celebrou a tradicional festa de Cantar&nbsp; dos Reis, envolvendo os alunos<a href=\"https:\/\/www.escolasdesoure.pt\/web\/2025\/01\/cantar-dos-reis\/\" class=\"more-link\"><span class=\"screen-reader-text\"> &#8220;Cantar\u00a0 dos Reis&#8221;<\/span><\/a><\/p>\n","protected":false},"author":1,"featured_media":20169,"comment_status":"closed","ping_status":"","sticky":false,"template":"","format":"standard","meta":{"footnotes":""},"categories":[1],"tags":[159],"class_list":["post-20168","post","type-post","status-publish","format-standard","has-post-thumbnail","hentry","category-noticias","tag-eb-de-soure"],"_links":{"self":[{"href":"https:\/\/www.escolasdesoure.pt\/web\/wp-json\/wp\/v2\/posts\/20168","targetHints":{"allow":["GET"]}}],"collection":[{"href":"https:\/\/www.escolasdesoure.pt\/web\/wp-json\/wp\/v2\/posts"}],"about":[{"href":"https:\/\/www.escolasdesoure.pt\/web\/wp-json\/wp\/v2\/types\/post"}],"author":[{"embeddable":true,"href":"https:\/\/www.escolasdesoure.pt\/web\/wp-json\/wp\/v2\/users\/1"}],"replies":[{"embeddable":true,"href":"https:\/\/www.escolasdesoure.pt\/web\/wp-json\/wp\/v2\/comments?post=20168"}],"version-history":[{"count":2,"href":"https:\/\/www.escolasdesoure.pt\/web\/wp-json\/wp\/v2\/posts\/20168\/revisions"}],"predecessor-version":[{"id":20248,"href":"https:\/\/www.escolasdesoure.pt\/web\/wp-json\/wp\/v2\/posts\/20168\/revisions\/20248"}],"wp:featuredmedia":[{"embeddable":true,"href":"https:\/\/www.escolasdesoure.pt\/web\/wp-json\/wp\/v2\/media\/20169"}],"wp:attachment":[{"href":"https:\/\/www.escolasdesoure.pt\/web\/wp-json\/wp\/v2\/media?parent=20168"}],"wp:term":[{"taxonomy":"category","embeddable":true,"href":"https:\/\/www.escolasdesoure.pt\/web\/wp-json\/wp\/v2\/categories?post=20168"},{"taxonomy":"post_tag","embeddable":true,"href":"https:\/\/www.escolasdesoure.pt\/web\/wp-json\/wp\/v2\/tags?post=20168"}],"curies":[{"name":"wp","href":"https:\/\/api.w.org\/{rel}","templated":true}]}}