{"id":19589,"date":"2024-09-19T17:18:40","date_gmt":"2024-09-19T16:18:40","guid":{"rendered":"https:\/\/www.escolasdesoure.pt\/web\/?p=19589"},"modified":"2024-09-20T08:49:28","modified_gmt":"2024-09-20T07:49:28","slug":"arranque-do-ano-letivo-rececao-do-pessoal-docente-e-nao-docente","status":"publish","type":"post","link":"https:\/\/www.escolasdesoure.pt\/web\/2024\/09\/arranque-do-ano-letivo-rececao-do-pessoal-docente-e-nao-docente\/","title":{"rendered":"Arranque do ano letivo: rece\u00e7\u00e3o do pessoal docente e n\u00e3o docente"},"content":{"rendered":"\n<p>A rece\u00e7\u00e3o do pessoal docente e n\u00e3o docente teve lugar nos dias 2 e 5 de setembro, contando, no segundo dia, com a presen\u00e7a do Doutor Nuno Santos, Reitor do Semin\u00e1rio Maior de Coimbra e Capel\u00e3o da Universidade de Coimbra.<\/p>\n\n\n\n<p>Com o tema &#8220;Esperan\u00e7a&#8221;, o Reverend\u00edssimo Padre Nuno Santos partilhou uma reflex\u00e3o sobre os valores e virtudes que considera essenciais para quem educa, cuida e deseja o bem dos outros, enriquecendo a sua mensagem com toques de humor que trouxeram \u00e2nimo a todos os presentes. Foram momentos de grande inspira\u00e7\u00e3o e muito agrad\u00e1veis. Agradecemos profundamente!<\/p>\n\n\n\n<figure class=\"wp-block-gallery has-nested-images columns-1 is-cropped wp-block-gallery-1 is-layout-flex wp-block-gallery-is-layout-flex\">\n<figure class=\"wp-block-image size-large\"><img decoding=\"async\" width=\"900\" height=\"602\" data-id=\"19590\" src=\"https:\/\/www.escolasdesoure.pt\/web\/wp-content\/uploads\/2024\/09\/001-900x602.jpg\" alt=\"\" class=\"wp-image-19590\" srcset=\"https:\/\/www.escolasdesoure.pt\/web\/wp-content\/uploads\/2024\/09\/001-900x602.jpg 900w, https:\/\/www.escolasdesoure.pt\/web\/wp-content\/uploads\/2024\/09\/001-300x201.jpg 300w, https:\/\/www.escolasdesoure.pt\/web\/wp-content\/uploads\/2024\/09\/001-768x513.jpg 768w, https:\/\/www.escolasdesoure.pt\/web\/wp-content\/uploads\/2024\/09\/001-1536x1027.jpg 1536w, https:\/\/www.escolasdesoure.pt\/web\/wp-content\/uploads\/2024\/09\/001.jpg 1970w\" sizes=\"(max-width: 900px) 100vw, 900px\" \/><\/figure>\n\n\n\n<figure class=\"wp-block-image size-large\"><img decoding=\"async\" width=\"900\" height=\"602\" data-id=\"19591\" src=\"https:\/\/www.escolasdesoure.pt\/web\/wp-content\/uploads\/2024\/09\/002-900x602.jpg\" alt=\"\" class=\"wp-image-19591\" srcset=\"https:\/\/www.escolasdesoure.pt\/web\/wp-content\/uploads\/2024\/09\/002-900x602.jpg 900w, https:\/\/www.escolasdesoure.pt\/web\/wp-content\/uploads\/2024\/09\/002-300x201.jpg 300w, https:\/\/www.escolasdesoure.pt\/web\/wp-content\/uploads\/2024\/09\/002-768x513.jpg 768w, https:\/\/www.escolasdesoure.pt\/web\/wp-content\/uploads\/2024\/09\/002-1536x1027.jpg 1536w, https:\/\/www.escolasdesoure.pt\/web\/wp-content\/uploads\/2024\/09\/002-2048x1369.jpg 2048w\" sizes=\"(max-width: 900px) 100vw, 900px\" \/><\/figure>\n<\/figure>\n","protected":false},"excerpt":{"rendered":"<p>A rece\u00e7\u00e3o do pessoal docente e n\u00e3o docente teve lugar nos dias 2 e 5 de setembro, contando, no segundo dia, com a presen\u00e7a do<a href=\"https:\/\/www.escolasdesoure.pt\/web\/2024\/09\/arranque-do-ano-letivo-rececao-do-pessoal-docente-e-nao-docente\/\" class=\"more-link\"><span class=\"screen-reader-text\"> &#8220;Arranque do ano letivo: rece\u00e7\u00e3o do pessoal docente e n\u00e3o docente&#8221;<\/span><\/a><\/p>\n","protected":false},"author":1,"featured_media":19590,"comment_status":"closed","ping_status":"closed","sticky":false,"template":"","format":"standard","meta":{"footnotes":""},"categories":[1],"tags":[295],"class_list":["post-19589","post","type-post","status-publish","format-standard","has-post-thumbnail","hentry","category-noticias","tag-rececao"],"_links":{"self":[{"href":"https:\/\/www.escolasdesoure.pt\/web\/wp-json\/wp\/v2\/posts\/19589","targetHints":{"allow":["GET"]}}],"collection":[{"href":"https:\/\/www.escolasdesoure.pt\/web\/wp-json\/wp\/v2\/posts"}],"about":[{"href":"https:\/\/www.escolasdesoure.pt\/web\/wp-json\/wp\/v2\/types\/post"}],"author":[{"embeddable":true,"href":"https:\/\/www.escolasdesoure.pt\/web\/wp-json\/wp\/v2\/users\/1"}],"replies":[{"embeddable":true,"href":"https:\/\/www.escolasdesoure.pt\/web\/wp-json\/wp\/v2\/comments?post=19589"}],"version-history":[{"count":3,"href":"https:\/\/www.escolasdesoure.pt\/web\/wp-json\/wp\/v2\/posts\/19589\/revisions"}],"predecessor-version":[{"id":19595,"href":"https:\/\/www.escolasdesoure.pt\/web\/wp-json\/wp\/v2\/posts\/19589\/revisions\/19595"}],"wp:featuredmedia":[{"embeddable":true,"href":"https:\/\/www.escolasdesoure.pt\/web\/wp-json\/wp\/v2\/media\/19590"}],"wp:attachment":[{"href":"https:\/\/www.escolasdesoure.pt\/web\/wp-json\/wp\/v2\/media?parent=19589"}],"wp:term":[{"taxonomy":"category","embeddable":true,"href":"https:\/\/www.escolasdesoure.pt\/web\/wp-json\/wp\/v2\/categories?post=19589"},{"taxonomy":"post_tag","embeddable":true,"href":"https:\/\/www.escolasdesoure.pt\/web\/wp-json\/wp\/v2\/tags?post=19589"}],"curies":[{"name":"wp","href":"https:\/\/api.w.org\/{rel}","templated":true}]}}