{"id":19243,"date":"2024-05-06T14:19:12","date_gmt":"2024-05-06T13:19:12","guid":{"rendered":"https:\/\/www.escolasdesoure.pt\/web\/?p=19243"},"modified":"2024-05-06T14:19:12","modified_gmt":"2024-05-06T13:19:12","slug":"dia-da-mae-6","status":"publish","type":"post","link":"https:\/\/www.escolasdesoure.pt\/web\/2024\/05\/dia-da-mae-6\/","title":{"rendered":"Dia da M\u00e3e"},"content":{"rendered":"\n<p>No passado dia 3 de maio a EB1 e o Jardim de Inf\u00e2ncia da Granja do Ulmeiro festejaram o Dia da M\u00e3e com uma aula de zumba e jogos de relaxamento, numa preciosa partilha entre m\u00e3es, filhos e Escola\/Jardim de Inf\u00e2ncia. A atividade foi dinamizada pelas colegas In\u00eas Vit\u00f3ria e Joana Gomes. No fim houve lanche partilhado!<\/p>\n\n\n\n<figure class=\"wp-block-gallery has-nested-images columns-2 is-cropped wp-block-gallery-1 is-layout-flex wp-block-gallery-is-layout-flex\">\n<figure class=\"wp-block-image size-large\"><img decoding=\"async\" width=\"800\" height=\"600\" data-id=\"19244\" src=\"https:\/\/www.escolasdesoure.pt\/web\/wp-content\/uploads\/2024\/05\/diadamae1.jpg\" alt=\"\" class=\"wp-image-19244\" srcset=\"https:\/\/www.escolasdesoure.pt\/web\/wp-content\/uploads\/2024\/05\/diadamae1.jpg 800w, https:\/\/www.escolasdesoure.pt\/web\/wp-content\/uploads\/2024\/05\/diadamae1-300x225.jpg 300w, https:\/\/www.escolasdesoure.pt\/web\/wp-content\/uploads\/2024\/05\/diadamae1-768x576.jpg 768w\" sizes=\"(max-width: 800px) 100vw, 800px\" \/><\/figure>\n\n\n\n<figure class=\"wp-block-image size-large\"><img decoding=\"async\" width=\"740\" height=\"900\" data-id=\"19246\" src=\"https:\/\/www.escolasdesoure.pt\/web\/wp-content\/uploads\/2024\/05\/diadamae2-740x900.jpg\" alt=\"\" class=\"wp-image-19246\" srcset=\"https:\/\/www.escolasdesoure.pt\/web\/wp-content\/uploads\/2024\/05\/diadamae2-740x900.jpg 740w, https:\/\/www.escolasdesoure.pt\/web\/wp-content\/uploads\/2024\/05\/diadamae2-247x300.jpg 247w, https:\/\/www.escolasdesoure.pt\/web\/wp-content\/uploads\/2024\/05\/diadamae2-768x934.jpg 768w, https:\/\/www.escolasdesoure.pt\/web\/wp-content\/uploads\/2024\/05\/diadamae2.jpg 800w\" sizes=\"(max-width: 740px) 100vw, 740px\" \/><\/figure>\n\n\n\n<figure class=\"wp-block-image size-large\"><img decoding=\"async\" width=\"800\" height=\"600\" data-id=\"19245\" src=\"https:\/\/www.escolasdesoure.pt\/web\/wp-content\/uploads\/2024\/05\/diadamae3.jpg\" alt=\"\" class=\"wp-image-19245\" srcset=\"https:\/\/www.escolasdesoure.pt\/web\/wp-content\/uploads\/2024\/05\/diadamae3.jpg 800w, https:\/\/www.escolasdesoure.pt\/web\/wp-content\/uploads\/2024\/05\/diadamae3-300x225.jpg 300w, https:\/\/www.escolasdesoure.pt\/web\/wp-content\/uploads\/2024\/05\/diadamae3-768x576.jpg 768w\" sizes=\"(max-width: 800px) 100vw, 800px\" \/><\/figure>\n\n\n\n<figure class=\"wp-block-image size-large\"><img decoding=\"async\" width=\"800\" height=\"600\" data-id=\"19247\" src=\"https:\/\/www.escolasdesoure.pt\/web\/wp-content\/uploads\/2024\/05\/diadamae4.jpg\" alt=\"\" class=\"wp-image-19247\" srcset=\"https:\/\/www.escolasdesoure.pt\/web\/wp-content\/uploads\/2024\/05\/diadamae4.jpg 800w, https:\/\/www.escolasdesoure.pt\/web\/wp-content\/uploads\/2024\/05\/diadamae4-300x225.jpg 300w, https:\/\/www.escolasdesoure.pt\/web\/wp-content\/uploads\/2024\/05\/diadamae4-768x576.jpg 768w\" sizes=\"(max-width: 800px) 100vw, 800px\" \/><\/figure>\n<\/figure>\n","protected":false},"excerpt":{"rendered":"<p>No passado dia 3 de maio a EB1 e o Jardim de Inf\u00e2ncia da Granja do Ulmeiro festejaram o Dia da M\u00e3e com uma aula<a href=\"https:\/\/www.escolasdesoure.pt\/web\/2024\/05\/dia-da-mae-6\/\" class=\"more-link\"><span class=\"screen-reader-text\"> &#8220;Dia da M\u00e3e&#8221;<\/span><\/a><\/p>\n","protected":false},"author":1,"featured_media":19244,"comment_status":"closed","ping_status":"","sticky":false,"template":"","format":"standard","meta":{"footnotes":""},"categories":[1],"tags":[240,169],"class_list":["post-19243","post","type-post","status-publish","format-standard","has-post-thumbnail","hentry","category-noticias","tag-centro-escolar-da-granja-do-ulmeiro","tag-dia-da-mae"],"_links":{"self":[{"href":"https:\/\/www.escolasdesoure.pt\/web\/wp-json\/wp\/v2\/posts\/19243","targetHints":{"allow":["GET"]}}],"collection":[{"href":"https:\/\/www.escolasdesoure.pt\/web\/wp-json\/wp\/v2\/posts"}],"about":[{"href":"https:\/\/www.escolasdesoure.pt\/web\/wp-json\/wp\/v2\/types\/post"}],"author":[{"embeddable":true,"href":"https:\/\/www.escolasdesoure.pt\/web\/wp-json\/wp\/v2\/users\/1"}],"replies":[{"embeddable":true,"href":"https:\/\/www.escolasdesoure.pt\/web\/wp-json\/wp\/v2\/comments?post=19243"}],"version-history":[{"count":1,"href":"https:\/\/www.escolasdesoure.pt\/web\/wp-json\/wp\/v2\/posts\/19243\/revisions"}],"predecessor-version":[{"id":19248,"href":"https:\/\/www.escolasdesoure.pt\/web\/wp-json\/wp\/v2\/posts\/19243\/revisions\/19248"}],"wp:featuredmedia":[{"embeddable":true,"href":"https:\/\/www.escolasdesoure.pt\/web\/wp-json\/wp\/v2\/media\/19244"}],"wp:attachment":[{"href":"https:\/\/www.escolasdesoure.pt\/web\/wp-json\/wp\/v2\/media?parent=19243"}],"wp:term":[{"taxonomy":"category","embeddable":true,"href":"https:\/\/www.escolasdesoure.pt\/web\/wp-json\/wp\/v2\/categories?post=19243"},{"taxonomy":"post_tag","embeddable":true,"href":"https:\/\/www.escolasdesoure.pt\/web\/wp-json\/wp\/v2\/tags?post=19243"}],"curies":[{"name":"wp","href":"https:\/\/api.w.org\/{rel}","templated":true}]}}