{"id":1893,"date":"2010-04-23T09:09:07","date_gmt":"2010-04-23T08:09:07","guid":{"rendered":"http:\/\/www.escolasdesoure.pt\/web\/?p=1893"},"modified":"2010-04-24T09:17:18","modified_gmt":"2010-04-24T08:17:18","slug":"dia-mundial-do-livro","status":"publish","type":"post","link":"https:\/\/www.escolasdesoure.pt\/web\/2010\/04\/dia-mundial-do-livro\/","title":{"rendered":"Dia Mundial do livro"},"content":{"rendered":"<p style=\"text-align: justify;\">Comemora-se hoje, dia 23 de Abril, o Dia Mundial do Livro. Trata-se de uma data simb\u00f3lica para a literatura, j\u00e1 que, segundo os v\u00e1rios calend\u00e1rios, neste dia faleceram importantes escritores como Cervantes e Shakespeare.<\/p>\n<p style=\"text-align: center;\"><a rel=\"attachment wp-att-736\" href=\"http:\/\/www.escolasdesoure.pt\/web\/clubes\/alemao\/723-revision-5\/\"><img decoding=\"async\" title=\"dia-livro\" src=\"http:\/\/escolasdesoure.pt\/rbs\/wp-content\/uploads\/2010\/04\/dia-livro.bmp\" alt=\"\" \/><\/a><\/p>\n<p style=\"text-align: justify;\">Tendo o Parlamento Europeu e o Conselho da Uni\u00e3o Europeia institu\u00eddo 2010 como o Ano Europeu do Combate \u00e0 Pobreza e \u00e0 Exclus\u00e3o Social., a Direc\u00e7\u00e3o-Geral do Livro e das Bibliotecas associou-se a esta iniciativa promovendo, neste dia, uma campanha intitulada <a href=\"http:\/\/www.iplb.pt\/sites\/DGLB\/Portugu%C3%AAs\/Agendacultural\/Documents\/UmLivroFazmeMaisRico.pdf\">Um livro faz-me mais rico<\/a>.<\/p>\n<p style=\"text-align: justify;\">A\u00a0campanha pretende chamar a aten\u00e7\u00e3o para a import\u00e2ncia do Livro como bem cultural, fundamental para o desenvolvimento da literacia e consequente crescimento econ\u00f3mico. De igual forma, a leitura torna-nos menos pobres, contribuindo para minorar a exclus\u00e3o e promover a auto-estima e a capacidade de integra\u00e7\u00e3o social.<\/p>\n<p style=\"text-align: justify;\">Maria Jos\u00e9 Malo<\/p>\n","protected":false},"excerpt":{"rendered":"<p>Comemora-se hoje, dia 23 de Abril, o Dia Mundial do Livro. Trata-se de uma data simb\u00f3lica para a literatura, j\u00e1 que, segundo os v\u00e1rios calend\u00e1rios,<a href=\"https:\/\/www.escolasdesoure.pt\/web\/2010\/04\/dia-mundial-do-livro\/\" class=\"more-link\"><span class=\"screen-reader-text\"> &#8220;Dia Mundial do livro&#8221;<\/span><\/a><\/p>\n","protected":false},"author":1,"featured_media":0,"comment_status":"closed","ping_status":"closed","sticky":false,"template":"","format":"standard","meta":{"footnotes":""},"categories":[1],"tags":[46,164],"class_list":["post-1893","post","type-post","status-publish","format-standard","hentry","category-noticias","tag-biblioteca","tag-dia-mundial-do-livro"],"_links":{"self":[{"href":"https:\/\/www.escolasdesoure.pt\/web\/wp-json\/wp\/v2\/posts\/1893","targetHints":{"allow":["GET"]}}],"collection":[{"href":"https:\/\/www.escolasdesoure.pt\/web\/wp-json\/wp\/v2\/posts"}],"about":[{"href":"https:\/\/www.escolasdesoure.pt\/web\/wp-json\/wp\/v2\/types\/post"}],"author":[{"embeddable":true,"href":"https:\/\/www.escolasdesoure.pt\/web\/wp-json\/wp\/v2\/users\/1"}],"replies":[{"embeddable":true,"href":"https:\/\/www.escolasdesoure.pt\/web\/wp-json\/wp\/v2\/comments?post=1893"}],"version-history":[{"count":5,"href":"https:\/\/www.escolasdesoure.pt\/web\/wp-json\/wp\/v2\/posts\/1893\/revisions"}],"predecessor-version":[{"id":1903,"href":"https:\/\/www.escolasdesoure.pt\/web\/wp-json\/wp\/v2\/posts\/1893\/revisions\/1903"}],"wp:attachment":[{"href":"https:\/\/www.escolasdesoure.pt\/web\/wp-json\/wp\/v2\/media?parent=1893"}],"wp:term":[{"taxonomy":"category","embeddable":true,"href":"https:\/\/www.escolasdesoure.pt\/web\/wp-json\/wp\/v2\/categories?post=1893"},{"taxonomy":"post_tag","embeddable":true,"href":"https:\/\/www.escolasdesoure.pt\/web\/wp-json\/wp\/v2\/tags?post=1893"}],"curies":[{"name":"wp","href":"https:\/\/api.w.org\/{rel}","templated":true}]}}