{"id":18806,"date":"2024-03-12T09:52:12","date_gmt":"2024-03-12T09:52:12","guid":{"rendered":"https:\/\/www.escolasdesoure.pt\/web\/?p=18806"},"modified":"2024-03-18T11:06:00","modified_gmt":"2024-03-18T11:06:00","slug":"ser-preso-politico-em-portugal-antes-do-25-de-abril-o-testemunho-de-domingos-abrantes","status":"publish","type":"post","link":"https:\/\/www.escolasdesoure.pt\/web\/2024\/03\/ser-preso-politico-em-portugal-antes-do-25-de-abril-o-testemunho-de-domingos-abrantes\/","title":{"rendered":"Ser preso pol\u00edtico em Portugal antes do 25 de Abril &#8211; O testemunho de Domingos Abrantes"},"content":{"rendered":"\n<p>No pr\u00f3ximo dia <strong>14 de mar\u00e7o<\/strong>, no <strong>Audit\u00f3rio da Escola 3\u00ba Ciclo e Secund\u00e1ria Martinho \u00c1rias<\/strong>, teremos a presen\u00e7a de <strong>Domingos Abrantes<\/strong> que nos dar\u00e1 o seu testemunho sobre o que foi a sua vida enquanto resistente antifascista e preso pol\u00edtico durante a ditadura do Estado Novo em Portugal.<\/p>\n\n\n\n<p>Dada a import\u00e2ncia que este acontecimento tem na vida do nosso Agrupamento, o seu testemunho ser\u00e1 partilhado em duas sess\u00f5es: uma \u00e0s 10.15 horas e outra \u00e0s 14.15 horas.<\/p>\n\n\n\n<p>Estas sess\u00f5es contar\u00e3o com a presen\u00e7a dos alunos do 9.\u00ba ano de escolaridade, de alunos do ensino secund\u00e1rio, de formandos do Centro Qualifica e de membros da Universidade S\u00e9nior.<\/p>\n\n\n\n<blockquote class=\"wp-block-quote has-text-align-center is-layout-flow wp-block-quote-is-layout-flow\">\n<p>Soure, 11 de mar\u00e7o de 2024<\/p>\n<\/blockquote>\n\n\n\n<blockquote class=\"wp-block-quote has-text-align-center is-layout-flow wp-block-quote-is-layout-flow\">\n<p>O Presidente do Conselho Geral: Fernando Cordeiro<\/p>\n<\/blockquote>\n\n\n\n<blockquote class=\"wp-block-quote has-text-align-center is-layout-flow wp-block-quote-is-layout-flow\">\n<p>A Diretora: Lu\u00edsa Pereirinha<\/p>\n<\/blockquote>\n","protected":false},"excerpt":{"rendered":"<p>No pr\u00f3ximo dia 14 de mar\u00e7o, no Audit\u00f3rio da Escola 3\u00ba Ciclo e Secund\u00e1ria Martinho \u00c1rias, teremos a presen\u00e7a de Domingos Abrantes que nos dar\u00e1<a href=\"https:\/\/www.escolasdesoure.pt\/web\/2024\/03\/ser-preso-politico-em-portugal-antes-do-25-de-abril-o-testemunho-de-domingos-abrantes\/\" class=\"more-link\"><span class=\"screen-reader-text\"> &#8220;Ser preso pol\u00edtico em Portugal antes do 25 de Abril &#8211; O testemunho de Domingos Abrantes&#8221;<\/span><\/a><\/p>\n","protected":false},"author":1,"featured_media":13467,"comment_status":"closed","ping_status":"","sticky":false,"template":"","format":"standard","meta":{"footnotes":""},"categories":[1],"tags":[143],"class_list":["post-18806","post","type-post","status-publish","format-standard","has-post-thumbnail","hentry","category-noticias","tag-debates"],"_links":{"self":[{"href":"https:\/\/www.escolasdesoure.pt\/web\/wp-json\/wp\/v2\/posts\/18806","targetHints":{"allow":["GET"]}}],"collection":[{"href":"https:\/\/www.escolasdesoure.pt\/web\/wp-json\/wp\/v2\/posts"}],"about":[{"href":"https:\/\/www.escolasdesoure.pt\/web\/wp-json\/wp\/v2\/types\/post"}],"author":[{"embeddable":true,"href":"https:\/\/www.escolasdesoure.pt\/web\/wp-json\/wp\/v2\/users\/1"}],"replies":[{"embeddable":true,"href":"https:\/\/www.escolasdesoure.pt\/web\/wp-json\/wp\/v2\/comments?post=18806"}],"version-history":[{"count":1,"href":"https:\/\/www.escolasdesoure.pt\/web\/wp-json\/wp\/v2\/posts\/18806\/revisions"}],"predecessor-version":[{"id":18807,"href":"https:\/\/www.escolasdesoure.pt\/web\/wp-json\/wp\/v2\/posts\/18806\/revisions\/18807"}],"wp:featuredmedia":[{"embeddable":true,"href":"https:\/\/www.escolasdesoure.pt\/web\/wp-json\/wp\/v2\/media\/13467"}],"wp:attachment":[{"href":"https:\/\/www.escolasdesoure.pt\/web\/wp-json\/wp\/v2\/media?parent=18806"}],"wp:term":[{"taxonomy":"category","embeddable":true,"href":"https:\/\/www.escolasdesoure.pt\/web\/wp-json\/wp\/v2\/categories?post=18806"},{"taxonomy":"post_tag","embeddable":true,"href":"https:\/\/www.escolasdesoure.pt\/web\/wp-json\/wp\/v2\/tags?post=18806"}],"curies":[{"name":"wp","href":"https:\/\/api.w.org\/{rel}","templated":true}]}}