{"id":18641,"date":"2024-01-18T09:23:20","date_gmt":"2024-01-18T09:23:20","guid":{"rendered":"https:\/\/www.escolasdesoure.pt\/web\/?p=18641"},"modified":"2024-01-18T09:57:31","modified_gmt":"2024-01-18T09:57:31","slug":"o-latim-no-quotidiano-sessao-na-eb-de-soure","status":"publish","type":"post","link":"https:\/\/www.escolasdesoure.pt\/web\/2024\/01\/o-latim-no-quotidiano-sessao-na-eb-de-soure\/","title":{"rendered":"\u201cO Latim no quotidiano\u201d- sess\u00e3o na EB de Soure"},"content":{"rendered":"\n<p>No dia 8 de janeiro, na biblioteca da Escola B\u00e1sica de Soure, decorreram duas sess\u00f5es para as turmas de quinto ano, intituladas \u201cO Latim no quotidiano\u201d.<br \/>Estas sess\u00f5es foram dinamizadas pela professora C\u00e9lia Oliveira, presidente da dire\u00e7\u00e3o da Associa\u00e7\u00e3o de Professores de Latim e Grego e tiveram como objetivo a sensibiliza\u00e7\u00e3o dos alunos para a utiliza\u00e7\u00e3o de express\u00f5es e de vocabul\u00e1rio provenientes do latim no portugu\u00eas dos nossos dias.<br \/>Os alunos corresponderam positivamente, colocando v\u00e1rias quest\u00f5es e mostrando-se satisfeitos com a atividade. Estes puderam observar, atrav\u00e9s de exemplos da nossa realidade atual e da publicidade, como o latim continua bem presente na l\u00edngua e que n\u00e3o faz s\u00f3 parte do nosso passado hist\u00f3rico e lingu\u00edstico.<br \/>As docentes de portugu\u00eas de 5\u00baano Cristina Sim\u00f5es e Marta Correia<\/p>\n\n\n\n<figure class=\"wp-block-gallery has-nested-images columns-default is-cropped wp-block-gallery-1 is-layout-flex wp-block-gallery-is-layout-flex\">\n<figure class=\"wp-block-image size-large\"><img decoding=\"async\" width=\"800\" height=\"621\" data-id=\"18643\" src=\"https:\/\/www.escolasdesoure.pt\/web\/wp-content\/uploads\/2024\/01\/1-1.jpg\" alt=\"\" class=\"wp-image-18643\" srcset=\"https:\/\/www.escolasdesoure.pt\/web\/wp-content\/uploads\/2024\/01\/1-1.jpg 800w, https:\/\/www.escolasdesoure.pt\/web\/wp-content\/uploads\/2024\/01\/1-1-300x233.jpg 300w, https:\/\/www.escolasdesoure.pt\/web\/wp-content\/uploads\/2024\/01\/1-1-768x596.jpg 768w\" sizes=\"(max-width: 800px) 100vw, 800px\" \/><\/figure>\n\n\n\n<figure class=\"wp-block-image size-large\"><img decoding=\"async\" width=\"800\" height=\"643\" data-id=\"18642\" src=\"https:\/\/www.escolasdesoure.pt\/web\/wp-content\/uploads\/2024\/01\/2-1.jpg\" alt=\"\" class=\"wp-image-18642\" srcset=\"https:\/\/www.escolasdesoure.pt\/web\/wp-content\/uploads\/2024\/01\/2-1.jpg 800w, https:\/\/www.escolasdesoure.pt\/web\/wp-content\/uploads\/2024\/01\/2-1-300x241.jpg 300w, https:\/\/www.escolasdesoure.pt\/web\/wp-content\/uploads\/2024\/01\/2-1-768x617.jpg 768w\" sizes=\"(max-width: 800px) 100vw, 800px\" \/><\/figure>\n<\/figure>\n","protected":false},"excerpt":{"rendered":"<p>No dia 8 de janeiro, na biblioteca da Escola B\u00e1sica de Soure, decorreram duas sess\u00f5es para as turmas de quinto ano, intituladas \u201cO Latim no<a href=\"https:\/\/www.escolasdesoure.pt\/web\/2024\/01\/o-latim-no-quotidiano-sessao-na-eb-de-soure\/\" class=\"more-link\"><span class=\"screen-reader-text\"> &#8220;\u201cO Latim no quotidiano\u201d- sess\u00e3o na EB de Soure&#8221;<\/span><\/a><\/p>\n","protected":false},"author":1,"featured_media":18643,"comment_status":"closed","ping_status":"closed","sticky":false,"template":"","format":"standard","meta":{"footnotes":""},"categories":[1],"tags":[143],"class_list":["post-18641","post","type-post","status-publish","format-standard","has-post-thumbnail","hentry","category-noticias","tag-debates"],"_links":{"self":[{"href":"https:\/\/www.escolasdesoure.pt\/web\/wp-json\/wp\/v2\/posts\/18641","targetHints":{"allow":["GET"]}}],"collection":[{"href":"https:\/\/www.escolasdesoure.pt\/web\/wp-json\/wp\/v2\/posts"}],"about":[{"href":"https:\/\/www.escolasdesoure.pt\/web\/wp-json\/wp\/v2\/types\/post"}],"author":[{"embeddable":true,"href":"https:\/\/www.escolasdesoure.pt\/web\/wp-json\/wp\/v2\/users\/1"}],"replies":[{"embeddable":true,"href":"https:\/\/www.escolasdesoure.pt\/web\/wp-json\/wp\/v2\/comments?post=18641"}],"version-history":[{"count":1,"href":"https:\/\/www.escolasdesoure.pt\/web\/wp-json\/wp\/v2\/posts\/18641\/revisions"}],"predecessor-version":[{"id":18644,"href":"https:\/\/www.escolasdesoure.pt\/web\/wp-json\/wp\/v2\/posts\/18641\/revisions\/18644"}],"wp:featuredmedia":[{"embeddable":true,"href":"https:\/\/www.escolasdesoure.pt\/web\/wp-json\/wp\/v2\/media\/18643"}],"wp:attachment":[{"href":"https:\/\/www.escolasdesoure.pt\/web\/wp-json\/wp\/v2\/media?parent=18641"}],"wp:term":[{"taxonomy":"category","embeddable":true,"href":"https:\/\/www.escolasdesoure.pt\/web\/wp-json\/wp\/v2\/categories?post=18641"},{"taxonomy":"post_tag","embeddable":true,"href":"https:\/\/www.escolasdesoure.pt\/web\/wp-json\/wp\/v2\/tags?post=18641"}],"curies":[{"name":"wp","href":"https:\/\/api.w.org\/{rel}","templated":true}]}}