{"id":17982,"date":"2023-06-12T14:46:18","date_gmt":"2023-06-12T13:46:18","guid":{"rendered":"https:\/\/www.escolasdesoure.pt\/web\/?p=17982"},"modified":"2023-06-12T14:46:18","modified_gmt":"2023-06-12T13:46:18","slug":"voluntarias-francesas-no-agrupamento","status":"publish","type":"post","link":"https:\/\/www.escolasdesoure.pt\/web\/2023\/06\/voluntarias-francesas-no-agrupamento\/","title":{"rendered":"Volunt\u00e1rias francesas no Agrupamento"},"content":{"rendered":"\n<p>No dia 2 de junho, o gabinete Eurodesk e o Clube Europeu do Agrupamento de Escolas, atrav\u00e9s da Activar \u2013 Associa\u00e7\u00e3o de Coopera\u00e7\u00e3o da Lous\u00e3, apresentaram, \u00e0s turmas de 12\u00ba ano, a experi\u00eancia de 2 jovens francesas que est\u00e3o a realizar um per\u00edodo de voluntariado de 6 meses na Lous\u00e3 ao abrigo do programa Corpo Europeu de Solidariedade.<br \/>A Hiba tem 24 anos, \u00e9 oriunda da regi\u00e3o de Marseille, estudou l\u00ednguas e est\u00e1 a desenvolver o seu projeto de voluntariado na Activar \u2013 Associa\u00e7\u00e3o de Coopera\u00e7\u00e3o da Lous\u00e3 no seu Espa\u00e7o J, junto de crian\u00e7as. A grande diferen\u00e7a que ela encontra entre a sua vida em Fran\u00e7a e a vida que est\u00e1 a ter em Portugal \u00e9 a comida, para ela, a melhor comida do mundo \u00e9 a da sua m\u00e3e! A Hiba termina o seu voluntariado em agosto e este projeto j\u00e1 lhe permitiu perceber que o seu futuro n\u00e3o passa por trabalhar com crian\u00e7as a tempo inteiro.<br \/>A Chlo\u00eb, tem 27 anos, vem da zona oeste de Fran\u00e7a, estudou design gr\u00e1fico e trabalhava na \u00e1rea do cinema antes de embarcar na aventura de fazer 6 meses de voluntariado na Lous\u00e3. A Chlo\u00eb est\u00e1 a fazer o seu voluntariado atrav\u00e9s da Bloom \u2013 Associa\u00e7\u00e3o S\u00f3cio Cultural da Lous\u00e3 desempenhando as suas atividades na ARCIL, junto de pessoas portadoras de defici\u00eancia. A grande diferen\u00e7a que encontrou entre Portugal e Fran\u00e7a \u00e9 que, na sua opini\u00e3o, as pessoas portuguesas s\u00e3o mais simp\u00e1ticas e alegres que as francesas, mas o que mais lhe custa no per\u00edodo em que c\u00e1 est\u00e1 \u00e9 adaptar-se a viver numa vila, uma vez que em Fran\u00e7a vive numa grande cidade.<br \/>Esta atividade pretendeu mostrar aos e \u00e0s estudantes do 12\u00ba ano mais uma oportunidade de aprendizagem internacional que o programa Corpo Europeu de Solidariedade permite a quem tenha entre 18 e 30 anos.<br \/>Resta-nos agradecer \u00e0 Hiba e \u00e0 Chlo\u00eb por terem partilhado a sua experi\u00eancia connosco e \u00e0 Daniela da Activar \u2013 Associa\u00e7\u00e3o de Coopera\u00e7\u00e3o da Lous\u00e3 que possibilitou a vinda destas jovens ao nosso agrupamento.<\/p>\n\n\n\n<figure class=\"wp-block-gallery has-nested-images columns-1 wp-block-gallery-1 is-layout-flex wp-block-gallery-is-layout-flex\">\n<figure class=\"wp-block-image size-large\"><img decoding=\"async\" width=\"800\" height=\"600\" data-id=\"17985\" src=\"https:\/\/www.escolasdesoure.pt\/web\/wp-content\/uploads\/2023\/06\/IMG_20230602_113238_2.jpg\" alt=\"\" class=\"wp-image-17985\" srcset=\"https:\/\/www.escolasdesoure.pt\/web\/wp-content\/uploads\/2023\/06\/IMG_20230602_113238_2.jpg 800w, https:\/\/www.escolasdesoure.pt\/web\/wp-content\/uploads\/2023\/06\/IMG_20230602_113238_2-300x225.jpg 300w, https:\/\/www.escolasdesoure.pt\/web\/wp-content\/uploads\/2023\/06\/IMG_20230602_113238_2-768x576.jpg 768w\" sizes=\"(max-width: 800px) 100vw, 800px\" \/><\/figure>\n\n\n\n<figure class=\"wp-block-image size-large\"><img decoding=\"async\" width=\"800\" height=\"600\" data-id=\"17986\" src=\"https:\/\/www.escolasdesoure.pt\/web\/wp-content\/uploads\/2023\/06\/IMG_20230602_113254_4.jpg\" alt=\"\" class=\"wp-image-17986\" srcset=\"https:\/\/www.escolasdesoure.pt\/web\/wp-content\/uploads\/2023\/06\/IMG_20230602_113254_4.jpg 800w, https:\/\/www.escolasdesoure.pt\/web\/wp-content\/uploads\/2023\/06\/IMG_20230602_113254_4-300x225.jpg 300w, https:\/\/www.escolasdesoure.pt\/web\/wp-content\/uploads\/2023\/06\/IMG_20230602_113254_4-768x576.jpg 768w\" sizes=\"(max-width: 800px) 100vw, 800px\" \/><\/figure>\n\n\n\n<figure class=\"wp-block-image size-large\"><img decoding=\"async\" width=\"800\" height=\"600\" data-id=\"17983\" src=\"https:\/\/www.escolasdesoure.pt\/web\/wp-content\/uploads\/2023\/06\/IMG_20230602_112519_5.jpg\" alt=\"\" class=\"wp-image-17983\" srcset=\"https:\/\/www.escolasdesoure.pt\/web\/wp-content\/uploads\/2023\/06\/IMG_20230602_112519_5.jpg 800w, https:\/\/www.escolasdesoure.pt\/web\/wp-content\/uploads\/2023\/06\/IMG_20230602_112519_5-300x225.jpg 300w, https:\/\/www.escolasdesoure.pt\/web\/wp-content\/uploads\/2023\/06\/IMG_20230602_112519_5-768x576.jpg 768w\" sizes=\"(max-width: 800px) 100vw, 800px\" \/><\/figure>\n\n\n\n<figure class=\"wp-block-image size-large\"><img decoding=\"async\" width=\"800\" height=\"600\" data-id=\"17984\" src=\"https:\/\/www.escolasdesoure.pt\/web\/wp-content\/uploads\/2023\/06\/IMG_20230602_113130_6.jpg\" alt=\"\" class=\"wp-image-17984\" srcset=\"https:\/\/www.escolasdesoure.pt\/web\/wp-content\/uploads\/2023\/06\/IMG_20230602_113130_6.jpg 800w, https:\/\/www.escolasdesoure.pt\/web\/wp-content\/uploads\/2023\/06\/IMG_20230602_113130_6-300x225.jpg 300w, https:\/\/www.escolasdesoure.pt\/web\/wp-content\/uploads\/2023\/06\/IMG_20230602_113130_6-768x576.jpg 768w\" sizes=\"(max-width: 800px) 100vw, 800px\" \/><\/figure>\n<\/figure>\n","protected":false},"excerpt":{"rendered":"<p>No dia 2 de junho, o gabinete Eurodesk e o Clube Europeu do Agrupamento de Escolas, atrav\u00e9s da Activar \u2013 Associa\u00e7\u00e3o de Coopera\u00e7\u00e3o da Lous\u00e3,<a href=\"https:\/\/www.escolasdesoure.pt\/web\/2023\/06\/voluntarias-francesas-no-agrupamento\/\" class=\"more-link\"><span class=\"screen-reader-text\"> &#8220;Volunt\u00e1rias francesas no Agrupamento&#8221;<\/span><\/a><\/p>\n","protected":false},"author":1,"featured_media":17986,"comment_status":"closed","ping_status":"","sticky":false,"template":"","format":"standard","meta":{"footnotes":""},"categories":[344],"tags":[],"class_list":["post-17982","post","type-post","status-publish","format-standard","has-post-thumbnail","hentry","category-eurodesk"],"_links":{"self":[{"href":"https:\/\/www.escolasdesoure.pt\/web\/wp-json\/wp\/v2\/posts\/17982","targetHints":{"allow":["GET"]}}],"collection":[{"href":"https:\/\/www.escolasdesoure.pt\/web\/wp-json\/wp\/v2\/posts"}],"about":[{"href":"https:\/\/www.escolasdesoure.pt\/web\/wp-json\/wp\/v2\/types\/post"}],"author":[{"embeddable":true,"href":"https:\/\/www.escolasdesoure.pt\/web\/wp-json\/wp\/v2\/users\/1"}],"replies":[{"embeddable":true,"href":"https:\/\/www.escolasdesoure.pt\/web\/wp-json\/wp\/v2\/comments?post=17982"}],"version-history":[{"count":1,"href":"https:\/\/www.escolasdesoure.pt\/web\/wp-json\/wp\/v2\/posts\/17982\/revisions"}],"predecessor-version":[{"id":17987,"href":"https:\/\/www.escolasdesoure.pt\/web\/wp-json\/wp\/v2\/posts\/17982\/revisions\/17987"}],"wp:featuredmedia":[{"embeddable":true,"href":"https:\/\/www.escolasdesoure.pt\/web\/wp-json\/wp\/v2\/media\/17986"}],"wp:attachment":[{"href":"https:\/\/www.escolasdesoure.pt\/web\/wp-json\/wp\/v2\/media?parent=17982"}],"wp:term":[{"taxonomy":"category","embeddable":true,"href":"https:\/\/www.escolasdesoure.pt\/web\/wp-json\/wp\/v2\/categories?post=17982"},{"taxonomy":"post_tag","embeddable":true,"href":"https:\/\/www.escolasdesoure.pt\/web\/wp-json\/wp\/v2\/tags?post=17982"}],"curies":[{"name":"wp","href":"https:\/\/api.w.org\/{rel}","templated":true}]}}