{"id":17215,"date":"2022-12-10T09:13:45","date_gmt":"2022-12-10T09:13:45","guid":{"rendered":"https:\/\/www.escolasdesoure.pt\/web\/?p=17215"},"modified":"2022-12-10T09:14:29","modified_gmt":"2022-12-10T09:14:29","slug":"dia-internacional-dos-direitos-humanos-3","status":"publish","type":"post","link":"https:\/\/www.escolasdesoure.pt\/web\/2022\/12\/dia-internacional-dos-direitos-humanos-3\/","title":{"rendered":"10 de dezembro \u2013 Dia Internacional dos Direitos Humanos"},"content":{"rendered":"\n<p>Em 2022 assinalam-se os 74 Anos da Declara\u00e7\u00e3o Universal dos Direitos Humanos. Um marco hist\u00f3rico para todos os que respeitam e defendem a dignidade humana, uma vez que este foi e continua a ser, um instrumento de refer\u00eancia na defesa dos direitos humanos de todos.<\/p>\n\n\n\n<p>Ainda que tenham sido conseguidas algumas vit\u00f3rias em 7 d\u00e9cadas, as viola\u00e7\u00f5es dos direitos humanos ainda s\u00e3o uma praga no nosso mundo atual. Infelizmente, hoje o respeito pela Declara\u00e7\u00e3o Universal dos Direitos do Homem ainda \u00e9 mais um sonho que uma realidade.<\/p>\n\n\n\n<p>Mas n\u00e3o podemos desistir!<\/p>\n\n\n\n<p>A nossa escola associa-se \u00e0 Amnistia internacional e participa na Maratona de Cartas, o maior evento de defesa de direitos humanos organizados por esta ONG.<\/p>\n\n\n\n<p>Utiliza o c\u00f3digo da nossa escola <strong>51TW <\/strong>para assinar as peti\u00e7\u00f5es de 2022.<\/p>\n\n\n\n<p>A tua assinatura tem mais poder do que pensas!<\/p>\n\n\n\n<iframe loading=\"lazy\" title=\"10 de dezembro \u2013 Dia Internacional dos Direitos Humanos\" allowtransparency=\"true\" height=\"150\" width=\"100%\" style=\"border: none; min-width: min(100%, 430px);\" scrolling=\"no\" data-name=\"pb-iframe-player\" src=\"https:\/\/www.podbean.com\/player-v2\/?i=ud8b9-133569c-pb&amp;from=pb6admin&amp;share=1&amp;download=1&amp;rtl=0&amp;fonts=Arial&amp;skin=f6f6f6&amp;font-color=auto&amp;logo_link=episode_page&amp;btn-skin=fb0584\"><\/iframe>\n\n\n\n<iframe loading=\"lazy\" title=\"Conheces os artigos da Declara\u00e7\u00e3o Universal dos Direitos Humanos?\" allowtransparency=\"true\" height=\"150\" width=\"100%\" style=\"border: none; min-width: min(100%, 430px);\" scrolling=\"no\" data-name=\"pb-iframe-player\" src=\"https:\/\/www.podbean.com\/player-v2\/?i=68s5p-133569e-pb&amp;from=pb6admin&amp;share=1&amp;download=1&amp;rtl=0&amp;fonts=Arial&amp;skin=f6f6f6&amp;font-color=auto&amp;logo_link=episode_page&amp;btn-skin=fb0584\"><\/iframe>\n\n\n<div class=\"wp-block-image\">\n<figure class=\"aligncenter size-large\"><img decoding=\"async\" width=\"608\" height=\"900\" src=\"https:\/\/www.escolasdesoure.pt\/web\/wp-content\/uploads\/2022\/12\/Maratona_CodigoEscola-608x900.jpg\" alt=\"\" class=\"wp-image-17216\" srcset=\"https:\/\/www.escolasdesoure.pt\/web\/wp-content\/uploads\/2022\/12\/Maratona_CodigoEscola-608x900.jpg 608w, https:\/\/www.escolasdesoure.pt\/web\/wp-content\/uploads\/2022\/12\/Maratona_CodigoEscola-203x300.jpg 203w, https:\/\/www.escolasdesoure.pt\/web\/wp-content\/uploads\/2022\/12\/Maratona_CodigoEscola-768x1137.jpg 768w, https:\/\/www.escolasdesoure.pt\/web\/wp-content\/uploads\/2022\/12\/Maratona_CodigoEscola.jpg 900w\" sizes=\"(max-width: 608px) 100vw, 608px\" \/><\/figure>\n<\/div>","protected":false},"excerpt":{"rendered":"<p>Em 2022 assinalam-se os 74 Anos da Declara\u00e7\u00e3o Universal dos Direitos Humanos. Um marco hist\u00f3rico para todos os que respeitam e defendem a dignidade humana,<a href=\"https:\/\/www.escolasdesoure.pt\/web\/2022\/12\/dia-internacional-dos-direitos-humanos-3\/\" class=\"more-link\"><span class=\"screen-reader-text\"> &#8220;10 de dezembro \u2013 Dia Internacional dos Direitos Humanos&#8221;<\/span><\/a><\/p>\n","protected":false},"author":1,"featured_media":17216,"comment_status":"closed","ping_status":"","sticky":false,"template":"","format":"standard","meta":{"footnotes":""},"categories":[1],"tags":[338],"class_list":["post-17215","post","type-post","status-publish","format-standard","has-post-thumbnail","hentry","category-noticias","tag-dia-internacional-dos-direitos-humanos"],"_links":{"self":[{"href":"https:\/\/www.escolasdesoure.pt\/web\/wp-json\/wp\/v2\/posts\/17215","targetHints":{"allow":["GET"]}}],"collection":[{"href":"https:\/\/www.escolasdesoure.pt\/web\/wp-json\/wp\/v2\/posts"}],"about":[{"href":"https:\/\/www.escolasdesoure.pt\/web\/wp-json\/wp\/v2\/types\/post"}],"author":[{"embeddable":true,"href":"https:\/\/www.escolasdesoure.pt\/web\/wp-json\/wp\/v2\/users\/1"}],"replies":[{"embeddable":true,"href":"https:\/\/www.escolasdesoure.pt\/web\/wp-json\/wp\/v2\/comments?post=17215"}],"version-history":[{"count":3,"href":"https:\/\/www.escolasdesoure.pt\/web\/wp-json\/wp\/v2\/posts\/17215\/revisions"}],"predecessor-version":[{"id":17219,"href":"https:\/\/www.escolasdesoure.pt\/web\/wp-json\/wp\/v2\/posts\/17215\/revisions\/17219"}],"wp:featuredmedia":[{"embeddable":true,"href":"https:\/\/www.escolasdesoure.pt\/web\/wp-json\/wp\/v2\/media\/17216"}],"wp:attachment":[{"href":"https:\/\/www.escolasdesoure.pt\/web\/wp-json\/wp\/v2\/media?parent=17215"}],"wp:term":[{"taxonomy":"category","embeddable":true,"href":"https:\/\/www.escolasdesoure.pt\/web\/wp-json\/wp\/v2\/categories?post=17215"},{"taxonomy":"post_tag","embeddable":true,"href":"https:\/\/www.escolasdesoure.pt\/web\/wp-json\/wp\/v2\/tags?post=17215"}],"curies":[{"name":"wp","href":"https:\/\/api.w.org\/{rel}","templated":true}]}}