{"id":17138,"date":"2022-11-17T08:46:58","date_gmt":"2022-11-17T08:46:58","guid":{"rendered":"https:\/\/www.escolasdesoure.pt\/web\/?p=17138"},"modified":"2022-11-20T19:56:25","modified_gmt":"2022-11-20T19:56:25","slug":"hora-do-conto-e-da-partilha-gazeta-intergeracional","status":"publish","type":"post","link":"https:\/\/www.escolasdesoure.pt\/web\/2022\/11\/hora-do-conto-e-da-partilha-gazeta-intergeracional\/","title":{"rendered":"Hora do Conto e da Partilha \/ Gazeta Intergeracional"},"content":{"rendered":"\n<p>No dia 16 de novembro de 2022 as crian\u00e7as da EB de Alfarelos receberam a visita da Dona Alice e da Eva que proporcionaram uma tarde diferente. A fant\u00e1stica D. Alice contou a hist\u00f3ria: &#8220;Uma fam\u00edlia de chap\u00e9us&#8221; de Maria Jo\u00e3o Carvalho e no seguimento do conto a Eva dinamizou uma atividade que sensibilizou as crian\u00e7as para a import\u00e2ncia do respeito pela diferen\u00e7a, salientando que \u00e9 na perce\u00e7\u00e3o da diferen\u00e7a que conseguimos ver que todos s\u00e3o importantes e tornam a vida muito mais colorida e alegre. Esta atividade foi poss\u00edvel gra\u00e7as ao projeto: CLDS 4G Soure\u2026Toca a Mexer!, que de entre muitos outros objetivos pretende potenciar a partilha intergeracional e aumentar o respeito pelo idoso. Realmente aprender \u00e9 uma festa: A festa do ser e do saber\u2026 Em rede!<\/p>\n\n\n\n<iframe loading=\"lazy\" src=\"https:\/\/drive.google.com\/file\/d\/1Ot3iKMar8F1KVvILZjYw3fvffUF87hOQ\/preview\" width=\"100%\" height=\"480\" allow=\"autoplay\"><\/iframe>\n","protected":false},"excerpt":{"rendered":"<p>No dia 16 de novembro de 2022 as crian\u00e7as da EB de Alfarelos receberam a visita da Dona Alice e da Eva que proporcionaram uma<a href=\"https:\/\/www.escolasdesoure.pt\/web\/2022\/11\/hora-do-conto-e-da-partilha-gazeta-intergeracional\/\" class=\"more-link\"><span class=\"screen-reader-text\"> &#8220;Hora do Conto e da Partilha \/ Gazeta Intergeracional&#8221;<\/span><\/a><\/p>\n","protected":false},"author":1,"featured_media":17142,"comment_status":"closed","ping_status":"","sticky":false,"template":"","format":"standard","meta":{"footnotes":""},"categories":[1],"tags":[55],"class_list":["post-17138","post","type-post","status-publish","format-standard","has-post-thumbnail","hentry","category-noticias","tag-eb1-de-alfarelos"],"_links":{"self":[{"href":"https:\/\/www.escolasdesoure.pt\/web\/wp-json\/wp\/v2\/posts\/17138","targetHints":{"allow":["GET"]}}],"collection":[{"href":"https:\/\/www.escolasdesoure.pt\/web\/wp-json\/wp\/v2\/posts"}],"about":[{"href":"https:\/\/www.escolasdesoure.pt\/web\/wp-json\/wp\/v2\/types\/post"}],"author":[{"embeddable":true,"href":"https:\/\/www.escolasdesoure.pt\/web\/wp-json\/wp\/v2\/users\/1"}],"replies":[{"embeddable":true,"href":"https:\/\/www.escolasdesoure.pt\/web\/wp-json\/wp\/v2\/comments?post=17138"}],"version-history":[{"count":1,"href":"https:\/\/www.escolasdesoure.pt\/web\/wp-json\/wp\/v2\/posts\/17138\/revisions"}],"predecessor-version":[{"id":17139,"href":"https:\/\/www.escolasdesoure.pt\/web\/wp-json\/wp\/v2\/posts\/17138\/revisions\/17139"}],"wp:featuredmedia":[{"embeddable":true,"href":"https:\/\/www.escolasdesoure.pt\/web\/wp-json\/wp\/v2\/media\/17142"}],"wp:attachment":[{"href":"https:\/\/www.escolasdesoure.pt\/web\/wp-json\/wp\/v2\/media?parent=17138"}],"wp:term":[{"taxonomy":"category","embeddable":true,"href":"https:\/\/www.escolasdesoure.pt\/web\/wp-json\/wp\/v2\/categories?post=17138"},{"taxonomy":"post_tag","embeddable":true,"href":"https:\/\/www.escolasdesoure.pt\/web\/wp-json\/wp\/v2\/tags?post=17138"}],"curies":[{"name":"wp","href":"https:\/\/api.w.org\/{rel}","templated":true}]}}