{"id":17041,"date":"2022-11-04T13:26:51","date_gmt":"2022-11-04T13:26:51","guid":{"rendered":"https:\/\/www.escolasdesoure.pt\/web\/?p=17041"},"modified":"2022-11-04T13:26:51","modified_gmt":"2022-11-04T13:26:51","slug":"semana-da-alimentacao-5","status":"publish","type":"post","link":"https:\/\/www.escolasdesoure.pt\/web\/2022\/11\/semana-da-alimentacao-5\/","title":{"rendered":"Semana da Alimenta\u00e7\u00e3o"},"content":{"rendered":"\n<p>No \u00e2mbito das comemora\u00e7\u00f5es da semana da Alimenta\u00e7\u00e3o o Centro Escolar de Samuel proporcionou e desenvolveu v\u00e1rias iniciativas e atividades.<br \/>Foi preparado o terreno da nossa horta biol\u00f3gica e em trabalho colaborativo com a professora da AEC de \u201ccrescer a Brincar\u201d, plant\u00e1mos e seme\u00e1mos produtos hort\u00edcolas da \u00e9poca, como couves, nabos, chuchus, espinafres e v\u00e1rias ervas arom\u00e1ticas. Ao limpar o terreno e como nada se pode desperdi\u00e7ar, as nossas crian\u00e7as apanharam os espinafres que ainda resistiam no espa\u00e7o do ano anterior e com os quais a professora de \u201cCrescer a Brincar\u201d aproveitou para fazer com os alunos uma receita saud\u00e1vel do bolo de espinafres.<br \/>Dedic\u00e1mos tamb\u00e9m uma manh\u00e3 \u00e0 criatividade. Dividimos as crian\u00e7as por grupos\/turmas para participarem em ateliers de fruta e legumes divertidos; a imagina\u00e7\u00e3o das nossas crian\u00e7as superou as nossas expectativas. No final lancharam as suas maravilhosas \u201cObras de arte\u201d.<br \/>Ao longo de toda a semana, foi evidente a interdisciplinaridade nas diferentes \u00e1reas curriculares. Cont\u00e1mos hist\u00f3rias, explor\u00e1mos com os alunos a roda dos alimentos e a pir\u00e2mide alimentar e foram realizados v\u00e1rios trabalhos que se encontram expostos na escola e que espelham muito bem a dedica\u00e7\u00e3o de todos.<br \/>Similarmente, trabalh\u00e1mos e dialog\u00e1mos com os nossos alunos sobre alguns produtos da regi\u00e3o como o azeite e o arroz. Sobre o azeite, e partindo do livro do PNL \u201c O ciclo do azeite\u201d explic\u00e1mos que \u00e9 uma gordura mais saud\u00e1vel, que faz parte da dieta mediterr\u00e2nica e que \u00e9 nesta altura do ano que se apanha este fruto. Os alunos partilharam algumas hist\u00f3rias da fam\u00edlia que cultivam a azeitona.<br \/>Para aludir ao arroz, produto rico da regi\u00e3o, foi confeccionada pela nossa coordenadora, professora Alda Batista, uma sobremesa tradicional e t\u00edpica, o \u201cArroz doce\u201d, com arroz de um produtor local. Estava divinal e as nossas crian\u00e7as adoraram!<br \/>Realiz\u00e1mos tamb\u00e9m uma visita ao N\u00facleo museol\u00f3gico do sal em Lavos, participando no projeto, \u00e0 descoberta do \u201cOuro Branco\u201d onde as crian\u00e7as tiveram a oportunidade de conhecerem a hist\u00f3ria do sal e os m\u00e9todos de trabalho usados nesta actividade, respeitando a natureza desta preciosa subst\u00e2ncia branca. Para al\u00e9m disso, puderam apreciar tamb\u00e9m toda a<br \/>bela paisagem envolvente e as in\u00fameras aves migrat\u00f3rias, vindas do sul ou do norte da Europa, como flamingos, gar\u00e7as, patos etc. N\u00e3o houve a possibilidade de realizar o percurso pedestre pelas salinas, devido ao mau tempo, ficando previsto realizar para o m\u00eas de abril.<br \/>Estava tamb\u00e9m planeada uma sess\u00e3o de sensibiliza\u00e7\u00e3o online sobre o tema do \u201cdesperd\u00edcio alimentar\u201d, dinamizada por uma t\u00e9cnica de sa\u00fade ambiental, mas devido a alguns imprevistos n\u00e3o se concretizou, ficando, para j\u00e1, adiada.<br \/>Foi uma semana muito intensa, mas acima de tudo muito divertida e motivadora para a nossa popula\u00e7\u00e3o escolar.<br \/>Centro Escolar de Samuel<\/p>\n\n\n\n<iframe loading=\"lazy\" src=\"https:\/\/drive.google.com\/file\/d\/1xVmRJWRLPxPfcRee7Jj-YE9Hv1ICWGNC\/preview\" width=\"100%\" height=\"800\" allow=\"autoplay\"><\/iframe>\n","protected":false},"excerpt":{"rendered":"<p>No \u00e2mbito das comemora\u00e7\u00f5es da semana da Alimenta\u00e7\u00e3o o Centro Escolar de Samuel proporcionou e desenvolveu v\u00e1rias iniciativas e atividades.Foi preparado o terreno da nossa<a href=\"https:\/\/www.escolasdesoure.pt\/web\/2022\/11\/semana-da-alimentacao-5\/\" class=\"more-link\"><span class=\"screen-reader-text\"> &#8220;Semana da Alimenta\u00e7\u00e3o&#8221;<\/span><\/a><\/p>\n","protected":false},"author":1,"featured_media":17042,"comment_status":"closed","ping_status":"","sticky":false,"template":"","format":"standard","meta":{"footnotes":""},"categories":[1],"tags":[189],"class_list":["post-17041","post","type-post","status-publish","format-standard","has-post-thumbnail","hentry","category-noticias","tag-eb1-de-samuel"],"_links":{"self":[{"href":"https:\/\/www.escolasdesoure.pt\/web\/wp-json\/wp\/v2\/posts\/17041","targetHints":{"allow":["GET"]}}],"collection":[{"href":"https:\/\/www.escolasdesoure.pt\/web\/wp-json\/wp\/v2\/posts"}],"about":[{"href":"https:\/\/www.escolasdesoure.pt\/web\/wp-json\/wp\/v2\/types\/post"}],"author":[{"embeddable":true,"href":"https:\/\/www.escolasdesoure.pt\/web\/wp-json\/wp\/v2\/users\/1"}],"replies":[{"embeddable":true,"href":"https:\/\/www.escolasdesoure.pt\/web\/wp-json\/wp\/v2\/comments?post=17041"}],"version-history":[{"count":1,"href":"https:\/\/www.escolasdesoure.pt\/web\/wp-json\/wp\/v2\/posts\/17041\/revisions"}],"predecessor-version":[{"id":17043,"href":"https:\/\/www.escolasdesoure.pt\/web\/wp-json\/wp\/v2\/posts\/17041\/revisions\/17043"}],"wp:featuredmedia":[{"embeddable":true,"href":"https:\/\/www.escolasdesoure.pt\/web\/wp-json\/wp\/v2\/media\/17042"}],"wp:attachment":[{"href":"https:\/\/www.escolasdesoure.pt\/web\/wp-json\/wp\/v2\/media?parent=17041"}],"wp:term":[{"taxonomy":"category","embeddable":true,"href":"https:\/\/www.escolasdesoure.pt\/web\/wp-json\/wp\/v2\/categories?post=17041"},{"taxonomy":"post_tag","embeddable":true,"href":"https:\/\/www.escolasdesoure.pt\/web\/wp-json\/wp\/v2\/tags?post=17041"}],"curies":[{"name":"wp","href":"https:\/\/api.w.org\/{rel}","templated":true}]}}