{"id":17035,"date":"2022-11-04T13:21:45","date_gmt":"2022-11-04T13:21:45","guid":{"rendered":"https:\/\/www.escolasdesoure.pt\/web\/?p=17035"},"modified":"2022-11-10T08:52:39","modified_gmt":"2022-11-10T08:52:39","slug":"palavras-no-ar","status":"publish","type":"post","link":"https:\/\/www.escolasdesoure.pt\/web\/2022\/11\/palavras-no-ar\/","title":{"rendered":"Palavras no ar"},"content":{"rendered":"\n<p>E se as palavras voassem?<br \/>Foi o que aconteceu na turma do 3.\u00ba E, da Escola B\u00e1sica de Soure, no dia 24 de outubro, na atividade Apanha-Palavras NO AR &#8211; R\u00e1dio de Bolso.<br \/>O PNL2027 convidou os agrupamentos que t\u00eam integrado o projeto \u201cJ\u00e1 Sei Ler\u201d, de forma continuada e que se encontram envolvidos em atividades de leitura orientada, a participarem nesta experi\u00eancia de ler e dar a ler.<br \/>Durante a a\u00e7\u00e3o de forma\u00e7\u00e3o, com humor, as formadoras Ana Isabel Gon\u00e7alves e Paula Pina, contadoras e animadoras profissionais, encantaram com jogos criativos de t\u00e9cnicas de leitura, gerando motiva\u00e7\u00e3o nos nossos pequenos leitores, que t\u00eam sido t\u00e3o incentivados para a leitura em voz alta, quer em ambiente de sala de aula, quer em sess\u00f5es na Biblioteca Escolar, orientadas pela Professora Bibliotec\u00e1ria, \u00c2ngela Varela.<br \/>Os alunos mostraram um grande entusiasmo, aderindo plenamente aos truques apresentados para lerem melhor e aos jogos criativos. Esta a\u00e7\u00e3o culminou com a grava\u00e7\u00e3o de textos, num est\u00fadio montado na Biblioteca, onde os alunos contactaram diretamente com material profissional de R\u00e1dio, revelando um grande \u00e0-vontade na grava\u00e7\u00e3o de textos.<br \/>Esta a\u00e7\u00e3o teve como objetivo promover o desenvolvimento da compreens\u00e3o, da flu\u00eancia de leitura e da leitura expressiva em voz alta, atrav\u00e9s do recurso ao podcast e registo vodcast.<\/p>\n\n\n\n<p>Como escreveu Manuel Ant\u00f3nio Pina, \u201cas melhores coisas s\u00e3o feitas no ar\u201d, n\u00e3o s\u00e3o?<\/p>\n\n\n\n<p><\/p>\n\n\n\n<p class=\"has-text-align-right\">Olimpia Coutinho<br \/>Ana Cotovio<\/p>\n\n\n\n<figure class=\"wp-block-gallery has-nested-images columns-default is-cropped wp-block-gallery-1 is-layout-flex wp-block-gallery-is-layout-flex\">\n<figure class=\"wp-block-image size-large\"><img decoding=\"async\" width=\"450\" height=\"800\" data-id=\"17036\" src=\"https:\/\/www.escolasdesoure.pt\/web\/wp-content\/uploads\/2022\/11\/foto-1.jpg\" alt=\"\" class=\"wp-image-17036\" srcset=\"https:\/\/www.escolasdesoure.pt\/web\/wp-content\/uploads\/2022\/11\/foto-1.jpg 450w, https:\/\/www.escolasdesoure.pt\/web\/wp-content\/uploads\/2022\/11\/foto-1-169x300.jpg 169w\" sizes=\"(max-width: 450px) 100vw, 450px\" \/><\/figure>\n\n\n\n<figure class=\"wp-block-image size-large\"><img decoding=\"async\" width=\"450\" height=\"800\" data-id=\"17037\" src=\"https:\/\/www.escolasdesoure.pt\/web\/wp-content\/uploads\/2022\/11\/foto-2.jpg\" alt=\"\" class=\"wp-image-17037\" srcset=\"https:\/\/www.escolasdesoure.pt\/web\/wp-content\/uploads\/2022\/11\/foto-2.jpg 450w, https:\/\/www.escolasdesoure.pt\/web\/wp-content\/uploads\/2022\/11\/foto-2-169x300.jpg 169w\" sizes=\"(max-width: 450px) 100vw, 450px\" \/><\/figure>\n\n\n\n<figure class=\"wp-block-image size-large\"><img decoding=\"async\" width=\"450\" height=\"800\" data-id=\"17038\" src=\"https:\/\/www.escolasdesoure.pt\/web\/wp-content\/uploads\/2022\/11\/foto-3.jpg\" alt=\"\" class=\"wp-image-17038\" srcset=\"https:\/\/www.escolasdesoure.pt\/web\/wp-content\/uploads\/2022\/11\/foto-3.jpg 450w, https:\/\/www.escolasdesoure.pt\/web\/wp-content\/uploads\/2022\/11\/foto-3-169x300.jpg 169w\" sizes=\"(max-width: 450px) 100vw, 450px\" \/><\/figure>\n\n\n\n<figure class=\"wp-block-image size-large\"><img decoding=\"async\" width=\"800\" height=\"450\" data-id=\"17039\" src=\"https:\/\/www.escolasdesoure.pt\/web\/wp-content\/uploads\/2022\/11\/foto-4.jpg\" alt=\"\" class=\"wp-image-17039\" srcset=\"https:\/\/www.escolasdesoure.pt\/web\/wp-content\/uploads\/2022\/11\/foto-4.jpg 800w, https:\/\/www.escolasdesoure.pt\/web\/wp-content\/uploads\/2022\/11\/foto-4-300x169.jpg 300w, https:\/\/www.escolasdesoure.pt\/web\/wp-content\/uploads\/2022\/11\/foto-4-768x432.jpg 768w\" sizes=\"(max-width: 800px) 100vw, 800px\" \/><\/figure>\n<\/figure>\n","protected":false},"excerpt":{"rendered":"<p>E se as palavras voassem?Foi o que aconteceu na turma do 3.\u00ba E, da Escola B\u00e1sica de Soure, no dia 24 de outubro, na atividade<a href=\"https:\/\/www.escolasdesoure.pt\/web\/2022\/11\/palavras-no-ar\/\" class=\"more-link\"><span class=\"screen-reader-text\"> &#8220;Palavras no ar&#8221;<\/span><\/a><\/p>\n","protected":false},"author":1,"featured_media":17037,"comment_status":"closed","ping_status":"","sticky":false,"template":"","format":"standard","meta":{"footnotes":""},"categories":[1],"tags":[159,383],"class_list":["post-17035","post","type-post","status-publish","format-standard","has-post-thumbnail","hentry","category-noticias","tag-eb-de-soure","tag-plano-nacional-de-leitura"],"_links":{"self":[{"href":"https:\/\/www.escolasdesoure.pt\/web\/wp-json\/wp\/v2\/posts\/17035","targetHints":{"allow":["GET"]}}],"collection":[{"href":"https:\/\/www.escolasdesoure.pt\/web\/wp-json\/wp\/v2\/posts"}],"about":[{"href":"https:\/\/www.escolasdesoure.pt\/web\/wp-json\/wp\/v2\/types\/post"}],"author":[{"embeddable":true,"href":"https:\/\/www.escolasdesoure.pt\/web\/wp-json\/wp\/v2\/users\/1"}],"replies":[{"embeddable":true,"href":"https:\/\/www.escolasdesoure.pt\/web\/wp-json\/wp\/v2\/comments?post=17035"}],"version-history":[{"count":2,"href":"https:\/\/www.escolasdesoure.pt\/web\/wp-json\/wp\/v2\/posts\/17035\/revisions"}],"predecessor-version":[{"id":17087,"href":"https:\/\/www.escolasdesoure.pt\/web\/wp-json\/wp\/v2\/posts\/17035\/revisions\/17087"}],"wp:featuredmedia":[{"embeddable":true,"href":"https:\/\/www.escolasdesoure.pt\/web\/wp-json\/wp\/v2\/media\/17037"}],"wp:attachment":[{"href":"https:\/\/www.escolasdesoure.pt\/web\/wp-json\/wp\/v2\/media?parent=17035"}],"wp:term":[{"taxonomy":"category","embeddable":true,"href":"https:\/\/www.escolasdesoure.pt\/web\/wp-json\/wp\/v2\/categories?post=17035"},{"taxonomy":"post_tag","embeddable":true,"href":"https:\/\/www.escolasdesoure.pt\/web\/wp-json\/wp\/v2\/tags?post=17035"}],"curies":[{"name":"wp","href":"https:\/\/api.w.org\/{rel}","templated":true}]}}