{"id":16351,"date":"2022-05-05T17:19:44","date_gmt":"2022-05-05T16:19:44","guid":{"rendered":"https:\/\/www.escolasdesoure.pt\/web\/?p=16351"},"modified":"2022-05-16T14:19:41","modified_gmt":"2022-05-16T13:19:41","slug":"exposicao-o-museu-do-prado-vem-a-escola","status":"publish","type":"post","link":"https:\/\/www.escolasdesoure.pt\/web\/2022\/05\/exposicao-o-museu-do-prado-vem-a-escola\/","title":{"rendered":"Exposi\u00e7\u00e3o &#8220;O Museu do Prado vem \u00e0 escola&#8221;"},"content":{"rendered":"\n<p>No \u00e2mbito do projeto&nbsp;eTwinning&nbsp;bilingue&nbsp;&#8220;Aqui ao lado\/Aqu\u00ed al lado&#8221;, desenvolvido por algumas turmas do 2\u00ba, 3\u00ba ciclos e secund\u00e1rio, estar\u00e1 patente na escola sede do Agrupamento de escolas Martinho \u00c1rias, de 10 a 19 de maio de 2022, uma exposi\u00e7\u00e3o com vinte r\u00e9plicas de obras do Museu do Prado, gentilmente cedidas pela embaixada de Espanha em Portugal.<br \/>Para al\u00e9m de educativa e interativa, esta&nbsp;iniciativa alargou-se ao ensino pr\u00e9-escolar e ao 1\u00ba ciclo, cumprindo assim o objetivo de fomentar uma verdadeira e efetiva articula\u00e7\u00e3o entre disciplinas e n\u00edveis de ensino; permitir aos alunos a dinamiza\u00e7\u00e3o de atividades de enriquecimento curricular que estimulem o gosto pelas artes e a cultura, para al\u00e9m da criatividade, autonomia, responsabilidade e sentido cr\u00edtico.<br \/>A exposi\u00e7\u00e3o&nbsp; &#8220;O Museu do Prado vem \u00e0 escola&#8221; conta com o&nbsp;apoio da C\u00e2mara Municipal de Soure e estar\u00e1 aberta a todos os encarregados de educa\u00e7\u00e3o e comunidade local,&nbsp;num hor\u00e1rio mais alargado, na sexta-feira, dia 13 de maio, das 17h \u00e0s 19h30 e no s\u00e1bado, dia 14 de maio, das 15h \u00e0s 17h30.<br \/>A exposi\u00e7\u00e3o ser\u00e1 durante esse per\u00edodo de todos e para proveito de todo o Agrupamento\/comunidade!&nbsp;<br \/>Venha conhecer as obras de arte de famosos pintores de renome mundial e ver as recria\u00e7\u00f5es dos jovens &#8220;artistas&#8221; do nosso agrupamento, desde os mais novos do pr\u00e9-escolar e 1\u00ba ciclo at\u00e9 aos mais gra\u00fados do 3\u00ba ciclo!<\/p>\n\n\n\n<div class=\"wp-block-image\"><figure class=\"aligncenter size-full\"><img decoding=\"async\" width=\"565\" height=\"799\" src=\"https:\/\/www.escolasdesoure.pt\/web\/wp-content\/uploads\/2022\/05\/OMuseudoPradoVemaEscola.jpg\" alt=\"\" class=\"wp-image-16352\" srcset=\"https:\/\/www.escolasdesoure.pt\/web\/wp-content\/uploads\/2022\/05\/OMuseudoPradoVemaEscola.jpg 565w, https:\/\/www.escolasdesoure.pt\/web\/wp-content\/uploads\/2022\/05\/OMuseudoPradoVemaEscola-212x300.jpg 212w\" sizes=\"(max-width: 565px) 100vw, 565px\" \/><\/figure><\/div>\n\n\n\n<p><\/p>\n","protected":false},"excerpt":{"rendered":"<p>No \u00e2mbito do projeto&nbsp;eTwinning&nbsp;bilingue&nbsp;&#8220;Aqui ao lado\/Aqu\u00ed al lado&#8221;, desenvolvido por algumas turmas do 2\u00ba, 3\u00ba ciclos e secund\u00e1rio, estar\u00e1 patente na escola sede do Agrupamento<a href=\"https:\/\/www.escolasdesoure.pt\/web\/2022\/05\/exposicao-o-museu-do-prado-vem-a-escola\/\" class=\"more-link\"><span class=\"screen-reader-text\"> &#8220;Exposi\u00e7\u00e3o &#8220;O Museu do Prado vem \u00e0 escola&#8221;&#8221;<\/span><\/a><\/p>\n","protected":false},"author":1,"featured_media":16352,"comment_status":"closed","ping_status":"","sticky":false,"template":"","format":"standard","meta":{"footnotes":""},"categories":[1],"tags":[63],"class_list":["post-16351","post","type-post","status-publish","format-standard","has-post-thumbnail","hentry","category-noticias","tag-exposicoes"],"_links":{"self":[{"href":"https:\/\/www.escolasdesoure.pt\/web\/wp-json\/wp\/v2\/posts\/16351","targetHints":{"allow":["GET"]}}],"collection":[{"href":"https:\/\/www.escolasdesoure.pt\/web\/wp-json\/wp\/v2\/posts"}],"about":[{"href":"https:\/\/www.escolasdesoure.pt\/web\/wp-json\/wp\/v2\/types\/post"}],"author":[{"embeddable":true,"href":"https:\/\/www.escolasdesoure.pt\/web\/wp-json\/wp\/v2\/users\/1"}],"replies":[{"embeddable":true,"href":"https:\/\/www.escolasdesoure.pt\/web\/wp-json\/wp\/v2\/comments?post=16351"}],"version-history":[{"count":4,"href":"https:\/\/www.escolasdesoure.pt\/web\/wp-json\/wp\/v2\/posts\/16351\/revisions"}],"predecessor-version":[{"id":16422,"href":"https:\/\/www.escolasdesoure.pt\/web\/wp-json\/wp\/v2\/posts\/16351\/revisions\/16422"}],"wp:featuredmedia":[{"embeddable":true,"href":"https:\/\/www.escolasdesoure.pt\/web\/wp-json\/wp\/v2\/media\/16352"}],"wp:attachment":[{"href":"https:\/\/www.escolasdesoure.pt\/web\/wp-json\/wp\/v2\/media?parent=16351"}],"wp:term":[{"taxonomy":"category","embeddable":true,"href":"https:\/\/www.escolasdesoure.pt\/web\/wp-json\/wp\/v2\/categories?post=16351"},{"taxonomy":"post_tag","embeddable":true,"href":"https:\/\/www.escolasdesoure.pt\/web\/wp-json\/wp\/v2\/tags?post=16351"}],"curies":[{"name":"wp","href":"https:\/\/api.w.org\/{rel}","templated":true}]}}