{"id":16206,"date":"2022-03-31T11:00:39","date_gmt":"2022-03-31T10:00:39","guid":{"rendered":"https:\/\/www.escolasdesoure.pt\/web\/?p=16206"},"modified":"2022-03-31T11:02:51","modified_gmt":"2022-03-31T10:02:51","slug":"os-bookpackers-em-italia","status":"publish","type":"post","link":"https:\/\/www.escolasdesoure.pt\/web\/2022\/03\/os-bookpackers-em-italia\/","title":{"rendered":"Os Bookpackers em It\u00e1lia"},"content":{"rendered":"\n<figure class=\"wp-block-gallery has-nested-images columns-default is-cropped wp-block-gallery-1 is-layout-flex wp-block-gallery-is-layout-flex\">\n<figure class=\"wp-block-image size-large\"><img decoding=\"async\" width=\"800\" height=\"600\" data-id=\"16207\" src=\"https:\/\/www.escolasdesoure.pt\/web\/wp-content\/uploads\/2022\/03\/1-4.jpg\" alt=\"\" class=\"wp-image-16207\" srcset=\"https:\/\/www.escolasdesoure.pt\/web\/wp-content\/uploads\/2022\/03\/1-4.jpg 800w, https:\/\/www.escolasdesoure.pt\/web\/wp-content\/uploads\/2022\/03\/1-4-300x225.jpg 300w, https:\/\/www.escolasdesoure.pt\/web\/wp-content\/uploads\/2022\/03\/1-4-768x576.jpg 768w\" sizes=\"(max-width: 800px) 100vw, 800px\" \/><\/figure>\n\n\n\n<figure class=\"wp-block-image size-large\"><img decoding=\"async\" width=\"800\" height=\"600\" data-id=\"16208\" src=\"https:\/\/www.escolasdesoure.pt\/web\/wp-content\/uploads\/2022\/03\/2-3.jpg\" alt=\"\" class=\"wp-image-16208\" srcset=\"https:\/\/www.escolasdesoure.pt\/web\/wp-content\/uploads\/2022\/03\/2-3.jpg 800w, https:\/\/www.escolasdesoure.pt\/web\/wp-content\/uploads\/2022\/03\/2-3-300x225.jpg 300w, https:\/\/www.escolasdesoure.pt\/web\/wp-content\/uploads\/2022\/03\/2-3-768x576.jpg 768w\" sizes=\"(max-width: 800px) 100vw, 800px\" \/><\/figure>\n<\/figure>\n\n\n\n<p>O projeto Bookpackers Around Europe, do programa ERASMUS+, entre os dias 21 e 25 de mar\u00e7o, participou numa mobilidade a It\u00e1lia, onde se encontrou com os diversos parceiros desta iniciativa, criada em torno de um Clube de Leitura internacional.<br \/>Inici\u00e1mos a nossa viagem na madrugada do dia 20 de mar\u00e7o, rumo ao aeroporto de Lisboa e \u00e0 chegada, fomos acolhidos de uma forma calorosa pelos colegas turcos, com os quais jant\u00e1mos.<br \/>No 1\u00b0 dia, conhecemos os restantes alunos, espanh\u00f3is e polacos, e, juntamente com eles, fomos recebidos pelo grupo italiano no Liceo Tousheck. Seguimos numa caminhada pelas ruas da localidade de Grottaferrata e visit\u00e1mos a sua abadia. Na parte da tarde, and\u00e1mos por Frascati, outra bela localidade italiana! De regresso ao hotel, partilh\u00e1mos o jantar e divertimo-nos com v\u00e1rios jogos (cartas, aldeia adormece, etc) antes de descansar.<br \/>No 2\u00b0 dia, seguimos para Roma, onde visit\u00e1mos a Biblioteca Ang\u00e9lica, a mais antiga da Europa, o Pante\u00e3o, a c\u00e9lebre Fontana di Trevi e descobrimos alguns aspetos da Roma Barroca. Almo\u00e7\u00e1mos no Ghetto Romano, um bairro repleto de restaurantes judaicos que servem comida t\u00edpica. Ap\u00f3s o almo\u00e7o, visit\u00e1mos o Complexo Vitoriano e tamb\u00e9m o Monte Capitolino. Para jantar, a ementa era sempre variada, rica em vegetais e massa!<br \/>No dia seguinte, acord\u00e1mos um pouco mais cedo a fim de visitarmos Floren\u00e7a, para uma aventura completamente diferente! Tivemos a oportunidade de descobrir um dos museus mais conhecidos do mundo, a Galeria Uffizi, onde pudemos observar in\u00fameras obras mundialmente conhecidas tais como, &#8220;O Nascimento de V\u00e9nus&#8221; e &#8220;A Primavera&#8221;, ambos da autoria de Botticelli. Admir\u00e1mos tamb\u00e9m algumas artes de Leonardo da Vinci, Miguel \u00c2ngelo, Caravaggio e Giotto, entre outros. Almo\u00e7\u00e1mos no Mercado S\u00e3o Lorenzo, onde havia uma variedade de restaurantes e caf\u00e9s. Posteriormente, caminh\u00e1mos livremente pela Piazza della Signoria, local central da obra A Room with a View de E.M. Forster, pretexto da nossa viagem.<br \/>No 4\u00b0 dia, assistimos a uma pequena palestra para nos ajudar na prepara\u00e7\u00e3o de apresenta\u00e7\u00f5es e debates futuros. Realiz\u00e1mos tamb\u00e9m uma atividade &#8220;Bookcrossing&#8221;, que consistiu na troca de livros entre os alunos e professores. Ap\u00f3s o almo\u00e7o, regress\u00e1mos a Frascati, onde pudemos conhecer algumas Villas Romano-latinas e uma esbelta mans\u00e3o.<\/p>\n\n\n\n<p>No \u00faltimo dia de atividades, na escola italiana, particip\u00e1mos num debate sobre a obra &#8220;A Room With A View\u201d, lida por todos, e partilh\u00e1mos opini\u00f5es sobre as personagens, o ambiente descrito e tem\u00e1ticas abordadas. De seguida, cada grupo apresentou alguns trabalhos sobre figuras importantes do seu pa\u00eds. O resto do dia foi passado no Coliseu e F\u00f3rum Romanos. O jantar de despedida foi celebrado no hotel, juntamente com os alunos italianos, onde houve uma noite de pizza e muita alegria.<br \/>O dia de regresso foi repleto de v\u00e1rias emo\u00e7\u00f5es. Apesar de ter sido uma semana exaustiva, com alguns contratempos, foi tamb\u00e9m uma semana de aprendizagem e divers\u00e3o, onde pudemos usufruir de experi\u00eancias \u00fanicas e fazer amizades para a vida.<\/p>\n\n\n\n<p>Na nossa opini\u00e3o, a viagem correu bem e esperamos que possamos, no futuro, reencontrarmo-nos com alguns dos amigos que levamos deste projeto! Gostar\u00edamos de agradecer a todos os envolvidos, especialmente \u00e0 professora coordenadora do projeto Bookpackers do programa ERASMUS+, Alexandra Duarte, e \u00e0 professora acompanhante, Anita Duarte.<\/p>\n\n\n\n<figure class=\"wp-block-embed aligncenter is-type-video is-provider-youtube wp-block-embed-youtube wp-embed-aspect-16-9 wp-has-aspect-ratio\"><div class=\"wp-block-embed__wrapper\">\n<iframe loading=\"lazy\" title=\"Italy Highlights - Video by Martim C.\" width=\"1170\" height=\"658\" src=\"https:\/\/www.youtube.com\/embed\/HKtH7jGDl1Y?feature=oembed\" frameborder=\"0\" allow=\"accelerometer; autoplay; clipboard-write; encrypted-media; gyroscope; picture-in-picture\" allowfullscreen><\/iframe>\n<\/div><\/figure>\n\n\n\n<p class=\"has-text-align-right\">Alexandra F, Diana G, Diogo N, Jos\u00e9 C, Martim C e Vit\u00f3ria S<\/p>\n","protected":false},"excerpt":{"rendered":"<p>O projeto Bookpackers Around Europe, do programa ERASMUS+, entre os dias 21 e 25 de mar\u00e7o, participou numa mobilidade a It\u00e1lia, onde se encontrou com<a href=\"https:\/\/www.escolasdesoure.pt\/web\/2022\/03\/os-bookpackers-em-italia\/\" class=\"more-link\"><span class=\"screen-reader-text\"> &#8220;Os Bookpackers em It\u00e1lia&#8221;<\/span><\/a><\/p>\n","protected":false},"author":1,"featured_media":14021,"comment_status":"closed","ping_status":"","sticky":false,"template":"","format":"standard","meta":{"footnotes":""},"categories":[351,343],"tags":[],"class_list":["post-16206","post","type-post","status-publish","format-standard","has-post-thumbnail","hentry","category-bookpackers-around-europe","category-erasmus"],"_links":{"self":[{"href":"https:\/\/www.escolasdesoure.pt\/web\/wp-json\/wp\/v2\/posts\/16206","targetHints":{"allow":["GET"]}}],"collection":[{"href":"https:\/\/www.escolasdesoure.pt\/web\/wp-json\/wp\/v2\/posts"}],"about":[{"href":"https:\/\/www.escolasdesoure.pt\/web\/wp-json\/wp\/v2\/types\/post"}],"author":[{"embeddable":true,"href":"https:\/\/www.escolasdesoure.pt\/web\/wp-json\/wp\/v2\/users\/1"}],"replies":[{"embeddable":true,"href":"https:\/\/www.escolasdesoure.pt\/web\/wp-json\/wp\/v2\/comments?post=16206"}],"version-history":[{"count":2,"href":"https:\/\/www.escolasdesoure.pt\/web\/wp-json\/wp\/v2\/posts\/16206\/revisions"}],"predecessor-version":[{"id":16210,"href":"https:\/\/www.escolasdesoure.pt\/web\/wp-json\/wp\/v2\/posts\/16206\/revisions\/16210"}],"wp:featuredmedia":[{"embeddable":true,"href":"https:\/\/www.escolasdesoure.pt\/web\/wp-json\/wp\/v2\/media\/14021"}],"wp:attachment":[{"href":"https:\/\/www.escolasdesoure.pt\/web\/wp-json\/wp\/v2\/media?parent=16206"}],"wp:term":[{"taxonomy":"category","embeddable":true,"href":"https:\/\/www.escolasdesoure.pt\/web\/wp-json\/wp\/v2\/categories?post=16206"},{"taxonomy":"post_tag","embeddable":true,"href":"https:\/\/www.escolasdesoure.pt\/web\/wp-json\/wp\/v2\/tags?post=16206"}],"curies":[{"name":"wp","href":"https:\/\/api.w.org\/{rel}","templated":true}]}}