{"id":16201,"date":"2022-03-31T10:30:04","date_gmt":"2022-03-31T09:30:04","guid":{"rendered":"https:\/\/www.escolasdesoure.pt\/web\/?p=16201"},"modified":"2026-03-17T15:37:27","modified_gmt":"2026-03-17T15:37:27","slug":"semana-da-educacao-e-formacao-2022","status":"publish","type":"post","link":"https:\/\/www.escolasdesoure.pt\/web\/2022\/03\/semana-da-educacao-e-formacao-2022\/","title":{"rendered":"Semana da Educa\u00e7\u00e3o e Forma\u00e7\u00e3o 2022"},"content":{"rendered":"\n<figure class=\"wp-block-image size-large\"><img decoding=\"async\" width=\"900\" height=\"257\" src=\"https:\/\/www.escolasdesoure.pt\/web\/wp-content\/uploads\/2022\/03\/semanaeduform2022--900x257.jpg\" alt=\"\" class=\"wp-image-16131\" srcset=\"https:\/\/www.escolasdesoure.pt\/web\/wp-content\/uploads\/2022\/03\/semanaeduform2022--900x257.jpg 900w, https:\/\/www.escolasdesoure.pt\/web\/wp-content\/uploads\/2022\/03\/semanaeduform2022--300x86.jpg 300w, https:\/\/www.escolasdesoure.pt\/web\/wp-content\/uploads\/2022\/03\/semanaeduform2022--768x219.jpg 768w, https:\/\/www.escolasdesoure.pt\/web\/wp-content\/uploads\/2022\/03\/semanaeduform2022-.jpg 1400w\" sizes=\"(max-width: 900px) 100vw, 900px\" \/><\/figure>\n\n\n\n<p class=\"has-text-align-left\"><strong><mark style=\"background-color:#fcb900\" class=\"has-inline-color has-black-color\">   4 DE ABRIL \u2013 SEGUNDA-FEIRA &#8211; DIA DO ENSINO SUPERIOR   <\/mark><\/strong><\/p>\n\n\n\n<ul class=\"wp-block-list\">\n<li>Universidade de Coimbra<\/li>\n\n\n\n<li>Faculdade de Ci\u00eancias e Tecnologias<\/li>\n\n\n\n<li>Universidade de Aveiro<\/li>\n\n\n\n<li>Instituto Polit\u00e9cnico de Coimbra<\/li>\n\n\n\n<li>Instituto Polit\u00e9cnico de Leiria<\/li>\n<\/ul>\n\n\n\n<p class=\"has-text-align-center\"><strong><mark style=\"background-color:rgba(0, 0, 0, 0)\" class=\"has-inline-color has-luminous-vivid-orange-color\">SESS\u00d5ES TEM\u00c1TICAS<\/mark><\/strong><\/p>\n\n\n\n<ul class=\"wp-block-list\">\n<li><strong>11h20<\/strong>: Ensino Superior \u2013 Institutos Polit\u00e9cnicos<\/li>\n\n\n\n<li><strong>14h20<\/strong>: Ensino Superior \u2013 Universidades<\/li>\n\n\n\n<li><strong>14h30<\/strong>: Prova comentada dos vinhos <em>Opta<\/em> com o en\u00f3logo<\/li>\n<\/ul>\n\n\n\n<p><\/p>\n\n\n\n<ul class=\"wp-block-list\">\n<li><strong>19h00<\/strong>: Sess\u00e3o de j\u00fari de certifica\u00e7\u00e3o de compet\u00eancias \u2013 n\u00edvel b\u00e1sico<\/li>\n<\/ul>\n\n\n\n<hr class=\"wp-block-separator has-css-opacity is-style-dots\"\/>\n\n\n\n<p class=\"has-text-align-left\"><strong><mark style=\"background-color:#fcb900\" class=\"has-inline-color has-black-color\">   5 DE ABRIL \u2013 TER\u00c7A-FEIRA &#8211; DIA DA OFERTA FORMATIVA   <\/mark><\/strong><\/p>\n\n\n\n<p class=\"has-text-align-center\"><strong><mark style=\"background-color:rgba(0, 0, 0, 0)\" class=\"has-inline-color has-luminous-vivid-orange-color\">EXPOSI\u00c7\u00d5ES \/ ATIVIDADES DOS CURSOS PROFISSIONAIS<\/mark><\/strong><\/p>\n\n\n\n<ul class=\"wp-block-list\">\n<li>T\u00e9cnico de Manuten\u00e7\u00e3o Industrial\/Eletromec\u00e2nica<\/li>\n\n\n\n<li>T\u00e9cnico de Multim\u00e9dia<\/li>\n\n\n\n<li>T\u00e9cnico de Restaurante\/Bar<\/li>\n<\/ul>\n\n\n\n<p><\/p>\n\n\n\n<ul class=\"wp-block-list\">\n<li><strong>14h30<\/strong> &#8211; Showcooking com o Chef Jos\u00e9 Domingues<\/li>\n\n\n\n<li><strong>18h00<\/strong>: Sess\u00e3o de j\u00fari de certifica\u00e7\u00e3o de compet\u00eancias profissionais \u2013 n\u00edvel 4 (T\u00e9cnico de Apoio Familiar e \u00e0 Comunidade)<\/li>\n<\/ul>\n\n\n\n<hr class=\"wp-block-separator has-css-opacity is-style-dots\"\/>\n\n\n\n<p class=\"has-text-align-left\"><strong><mark style=\"background-color:#fcb900\" class=\"has-inline-color has-black-color\">   6 DE ABRIL \u2013 QUARTA-FEIRA &#8211; DIA DO PROJETO ERASMUS   <\/mark><\/strong><\/p>\n\n\n\n<p class=\"has-text-align-center\"><strong><mark style=\"background-color:rgba(0, 0, 0, 0)\" class=\"has-inline-color has-luminous-vivid-orange-color\">SESS\u00d5ES TEM\u00c1TICAS<\/mark><\/strong><\/p>\n\n\n\n<ul class=\"wp-block-list\">\n<li><strong>09h20<\/strong>: Programa Erasmus \u2013 alunos<\/li>\n\n\n\n<li><strong>10h20<\/strong>: Programa Erasmus \u2013 alunos<\/li>\n\n\n\n<li><strong>14h30<\/strong>: Programa Erasmus \u2013 professores<\/li>\n<\/ul>\n\n\n\n<p><\/p>\n\n\n\n<ul class=\"wp-block-list\">\n<li><strong>11h20<\/strong>: Workshop de Design<\/li>\n\n\n\n<li><strong>11h30<\/strong>: Showcooking com o Chef Jo\u00e3o F\u00e9lix<\/li>\n<\/ul>\n\n\n\n<hr class=\"wp-block-separator has-css-opacity is-style-dots\"\/>\n\n\n\n<p class=\"has-text-align-left\"><strong><mark style=\"background-color:#fcb900\" class=\"has-inline-color has-black-color\">   7 DE ABRIL \u2013 QUINTA-FEIRA &#8211; DIA DAS FORMA\u00c7\u00d5ES P\u00d3S-SECUND\u00c1RIAS   <\/mark><\/strong><\/p>\n\n\n\n<ul class=\"wp-block-list\">\n<li>For\u00e7a A\u00e9rea<\/li>\n\n\n\n<li>Ex\u00e9rcito<\/li>\n\n\n\n<li>GNR<\/li>\n\n\n\n<li>Bombeiros<\/li>\n\n\n\n<li>Escola ABC Cabeleireiro<\/li>\n\n\n\n<li>Escola de Hotelaria e Turismo de Coimbra<\/li>\n\n\n\n<li>Instituto de Emprego e Forma\u00e7\u00e3o Profissional<\/li>\n<\/ul>\n\n\n\n<p class=\"has-text-align-center\"><strong><mark style=\"background-color:rgba(0, 0, 0, 0)\" class=\"has-inline-color has-luminous-vivid-orange-color\">SESS\u00d5ES TEM\u00c1TICAS<\/mark><\/strong><\/p>\n\n\n\n<ul class=\"wp-block-list\">\n<li><strong>10h30<\/strong>: Incentivo ao Voluntariado nos Bombeiros<\/li>\n\n\n\n<li><strong>11h20<\/strong>: Carreira no Ex\u00e9rcito Portugu\u00eas<\/li>\n\n\n\n<li><strong>12h15<\/strong>: Carreira na For\u00e7a A\u00e9rea<\/li>\n\n\n\n<li><strong>14h20<\/strong>: IEFP: Forma\u00e7\u00e3o\/Est\u00e1gios Profissionais\/ T\u00e9cnicas de Procura de Emprego<\/li>\n<\/ul>\n\n\n\n<ul class=\"wp-block-list\">\n<li><strong>14h30<\/strong>: Webinar: Encontro de Escolas EFA da regi\u00e3o de Coimbra<\/li>\n\n\n\n<li><strong>15h30<\/strong>: Sess\u00e3o de j\u00fari de certifica\u00e7\u00e3o de compet\u00eancias \u2013 n\u00edvel secund\u00e1rio<\/li>\n\n\n\n<li><strong>16h30<\/strong>: Tert\u00falia com Empres\u00e1rios<\/li>\n<\/ul>\n\n\n\n<hr class=\"wp-block-separator has-css-opacity is-style-dots\"\/>\n\n\n\n<p class=\"has-text-align-left\"><strong><mark style=\"background-color:#fcb900\" class=\"has-inline-color has-black-color\">   8 DE ABRIL \u2013 SEXTA-FEIRA &#8211; DIA DA OFERTA FORMATIVA   <\/mark><\/strong><\/p>\n\n\n\n<p class=\"has-text-align-center\"><mark style=\"background-color:rgba(0, 0, 0, 0)\" class=\"has-inline-color has-luminous-vivid-orange-color\"><strong>EXPOSI\u00c7\u00d5ES \/ ATIVIDADES DOS CURSOS PROFISSIONAIS<\/strong><\/mark><\/p>\n\n\n\n<ul class=\"wp-block-list\">\n<li>T\u00e9cnico de Manuten\u00e7\u00e3o Industrial\/Eletromec\u00e2nica<\/li>\n\n\n\n<li>T\u00e9cnico de Multim\u00e9dia<\/li>\n\n\n\n<li>T\u00e9cnico de Restaurante\/Bar<\/li>\n<\/ul>\n\n\n\n<ul class=\"wp-block-list\">\n<li><strong>10h00<\/strong>: Workshop Escola Barista Delta Caf\u00e9s<\/li>\n\n\n\n<li><strong>10h00<\/strong>: Webinar: Encontro de Centros Qualifica da regi\u00e3o de Coimbra<\/li>\n\n\n\n<li><strong>15h00:<\/strong> Masterclass \u2013 A Evolu\u00e7\u00e3o dos Cocktails Cl\u00e1ssicos com o Bartender Miguel Mendes<\/li>\n\n\n\n<li><strong>15h00:<\/strong> Dar Voz aos Pais<\/li>\n\n\n\n<li><strong>17h00:<\/strong> Sess\u00e3o de entrega de diplomas EFA e RVCC<\/li>\n\n\n\n<li><strong>17h30:<\/strong> Cerim\u00f3nia de Encerramento<\/li>\n<\/ul>\n\n\n\n<hr class=\"wp-block-separator has-css-opacity is-style-dots\"\/>\n\n\n<div class=\"wp-block-image\">\n<figure class=\"aligncenter size-large\"><img decoding=\"async\" width=\"637\" height=\"900\" src=\"https:\/\/www.escolasdesoure.pt\/web\/wp-content\/uploads\/2022\/03\/semana-edu.-form.-2022-cartaz-637x900.jpg\" alt=\"\" class=\"wp-image-16133\" srcset=\"https:\/\/www.escolasdesoure.pt\/web\/wp-content\/uploads\/2022\/03\/semana-edu.-form.-2022-cartaz-637x900.jpg 637w, https:\/\/www.escolasdesoure.pt\/web\/wp-content\/uploads\/2022\/03\/semana-edu.-form.-2022-cartaz-212x300.jpg 212w, https:\/\/www.escolasdesoure.pt\/web\/wp-content\/uploads\/2022\/03\/semana-edu.-form.-2022-cartaz-768x1086.jpg 768w, https:\/\/www.escolasdesoure.pt\/web\/wp-content\/uploads\/2022\/03\/semana-edu.-form.-2022-cartaz.jpg 800w\" sizes=\"(max-width: 637px) 100vw, 637px\" \/><\/figure>\n<\/div>","protected":false},"excerpt":{"rendered":"<p>4 DE ABRIL \u2013 SEGUNDA-FEIRA &#8211; DIA DO ENSINO SUPERIOR SESS\u00d5ES TEM\u00c1TICAS 5 DE ABRIL \u2013 TER\u00c7A-FEIRA &#8211; DIA DA OFERTA FORMATIVA EXPOSI\u00c7\u00d5ES \/ ATIVIDADES<a href=\"https:\/\/www.escolasdesoure.pt\/web\/2022\/03\/semana-da-educacao-e-formacao-2022\/\" class=\"more-link\"><span class=\"screen-reader-text\"> &#8220;Semana da Educa\u00e7\u00e3o e Forma\u00e7\u00e3o 2022&#8221;<\/span><\/a><\/p>\n","protected":false},"author":1,"featured_media":16133,"comment_status":"closed","ping_status":"closed","sticky":false,"template":"","format":"standard","meta":{"footnotes":""},"categories":[336,1],"tags":[418,397],"class_list":["post-16201","post","type-post","status-publish","format-standard","has-post-thumbnail","hentry","category-eqavet","category-noticias","tag-ensino-profissional","tag-semana-de-educacao-e-formacao"],"_links":{"self":[{"href":"https:\/\/www.escolasdesoure.pt\/web\/wp-json\/wp\/v2\/posts\/16201","targetHints":{"allow":["GET"]}}],"collection":[{"href":"https:\/\/www.escolasdesoure.pt\/web\/wp-json\/wp\/v2\/posts"}],"about":[{"href":"https:\/\/www.escolasdesoure.pt\/web\/wp-json\/wp\/v2\/types\/post"}],"author":[{"embeddable":true,"href":"https:\/\/www.escolasdesoure.pt\/web\/wp-json\/wp\/v2\/users\/1"}],"replies":[{"embeddable":true,"href":"https:\/\/www.escolasdesoure.pt\/web\/wp-json\/wp\/v2\/comments?post=16201"}],"version-history":[{"count":8,"href":"https:\/\/www.escolasdesoure.pt\/web\/wp-json\/wp\/v2\/posts\/16201\/revisions"}],"predecessor-version":[{"id":17915,"href":"https:\/\/www.escolasdesoure.pt\/web\/wp-json\/wp\/v2\/posts\/16201\/revisions\/17915"}],"wp:featuredmedia":[{"embeddable":true,"href":"https:\/\/www.escolasdesoure.pt\/web\/wp-json\/wp\/v2\/media\/16133"}],"wp:attachment":[{"href":"https:\/\/www.escolasdesoure.pt\/web\/wp-json\/wp\/v2\/media?parent=16201"}],"wp:term":[{"taxonomy":"category","embeddable":true,"href":"https:\/\/www.escolasdesoure.pt\/web\/wp-json\/wp\/v2\/categories?post=16201"},{"taxonomy":"post_tag","embeddable":true,"href":"https:\/\/www.escolasdesoure.pt\/web\/wp-json\/wp\/v2\/tags?post=16201"}],"curies":[{"name":"wp","href":"https:\/\/api.w.org\/{rel}","templated":true}]}}