{"id":15564,"date":"2021-11-23T08:50:33","date_gmt":"2021-11-23T08:50:33","guid":{"rendered":"https:\/\/www.escolasdesoure.pt\/web\/?p=15564"},"modified":"2021-11-23T08:52:02","modified_gmt":"2021-11-23T08:52:02","slug":"cinanima-vai-as-escolas","status":"publish","type":"post","link":"https:\/\/www.escolasdesoure.pt\/web\/2021\/11\/cinanima-vai-as-escolas\/","title":{"rendered":"CINANIMA vai \u00e0s escolas"},"content":{"rendered":"<p>No \u00e2mbito das atividades do Plano Nacional de Cinema, entre os passados dias 8 e 14 de novembro, o nosso Agrupamento participou na iniciativa \u201cCINANIMA vai \u00e0s escolas\u201d, a qual integra o Festival Internacional de Cinema de Anima\u00e7\u00e3o de Espinho e tem por objetivo levar aos alunos de todos os n\u00edveis de ensino programas de cinema de anima\u00e7\u00e3o de autor com qualidade art\u00edstica de produ\u00e7\u00e3o europeia e fomentar o desenvolvimento da sua literacia f\u00edlmica.<br \/>\nAssim, alunos do 1\u00ba ciclo (Centro Escolar Degracias\/Pombalinho) e de secund\u00e1rio (Curso Multim\u00e9dia) assistiram online a diversas curta-metragens devidamente selecionadas pelo Servi\u00e7o Educativo do CINANIMA e complementadas por material de apoio e de explora\u00e7\u00e3o pedag\u00f3gico-did\u00e1tica adequado aos diferentes n\u00edveis de ensino.<br \/>\nPara al\u00e9m do visionamento, os alunos debateram as tem\u00e1ticas abordadas nos diferentes filmes de anima\u00e7\u00e3o articulando-os com os conte\u00fados de disciplinas como Filosofia, Hist\u00f3ria da Cultura e das Artes, TIC, entre outras e enquadrando-os na componente curricular de Cidadania e Desenvolvimento.<br \/>\n<img decoding=\"async\" class=\"aligncenter size-full wp-image-15565\" src=\"https:\/\/www.escolasdesoure.pt\/web\/wp-content\/uploads\/2021\/11\/AEMAS-1E-Cinanima-Yugen6.jpg\" alt=\"\" width=\"800\" height=\"600\" srcset=\"https:\/\/www.escolasdesoure.pt\/web\/wp-content\/uploads\/2021\/11\/AEMAS-1E-Cinanima-Yugen6.jpg 800w, https:\/\/www.escolasdesoure.pt\/web\/wp-content\/uploads\/2021\/11\/AEMAS-1E-Cinanima-Yugen6-300x225.jpg 300w, https:\/\/www.escolasdesoure.pt\/web\/wp-content\/uploads\/2021\/11\/AEMAS-1E-Cinanima-Yugen6-768x576.jpg 768w\" sizes=\"(max-width: 800px) 100vw, 800px\" \/><\/p>\n<p><img decoding=\"async\" class=\"aligncenter size-full wp-image-15566\" src=\"https:\/\/www.escolasdesoure.pt\/web\/wp-content\/uploads\/2021\/11\/cinanima.jpg\" alt=\"\" width=\"800\" height=\"369\" srcset=\"https:\/\/www.escolasdesoure.pt\/web\/wp-content\/uploads\/2021\/11\/cinanima.jpg 800w, https:\/\/www.escolasdesoure.pt\/web\/wp-content\/uploads\/2021\/11\/cinanima-300x138.jpg 300w, https:\/\/www.escolasdesoure.pt\/web\/wp-content\/uploads\/2021\/11\/cinanima-768x354.jpg 768w\" sizes=\"(max-width: 800px) 100vw, 800px\" \/><\/p>\n<p><img decoding=\"async\" class=\"aligncenter size-full wp-image-15567\" src=\"https:\/\/www.escolasdesoure.pt\/web\/wp-content\/uploads\/2021\/11\/AEMAS-1E-Cinanima-Yugen2.jpg\" alt=\"\" width=\"800\" height=\"600\" srcset=\"https:\/\/www.escolasdesoure.pt\/web\/wp-content\/uploads\/2021\/11\/AEMAS-1E-Cinanima-Yugen2.jpg 800w, https:\/\/www.escolasdesoure.pt\/web\/wp-content\/uploads\/2021\/11\/AEMAS-1E-Cinanima-Yugen2-300x225.jpg 300w, https:\/\/www.escolasdesoure.pt\/web\/wp-content\/uploads\/2021\/11\/AEMAS-1E-Cinanima-Yugen2-768x576.jpg 768w\" sizes=\"(max-width: 800px) 100vw, 800px\" \/><\/p>\n","protected":false},"excerpt":{"rendered":"<p>No \u00e2mbito das atividades do Plano Nacional de Cinema, entre os passados dias 8 e 14 de novembro, o nosso Agrupamento participou na iniciativa \u201cCINANIMA<a href=\"https:\/\/www.escolasdesoure.pt\/web\/2021\/11\/cinanima-vai-as-escolas\/\" class=\"more-link\"><span class=\"screen-reader-text\"> &#8220;CINANIMA vai \u00e0s escolas&#8221;<\/span><\/a><\/p>\n","protected":false},"author":1,"featured_media":15568,"comment_status":"closed","ping_status":"closed","sticky":false,"template":"","format":"standard","meta":{"footnotes":""},"categories":[1],"tags":[365],"class_list":["post-15564","post","type-post","status-publish","format-standard","has-post-thumbnail","hentry","category-noticias","tag-plano-nacional-de-cinema"],"_links":{"self":[{"href":"https:\/\/www.escolasdesoure.pt\/web\/wp-json\/wp\/v2\/posts\/15564","targetHints":{"allow":["GET"]}}],"collection":[{"href":"https:\/\/www.escolasdesoure.pt\/web\/wp-json\/wp\/v2\/posts"}],"about":[{"href":"https:\/\/www.escolasdesoure.pt\/web\/wp-json\/wp\/v2\/types\/post"}],"author":[{"embeddable":true,"href":"https:\/\/www.escolasdesoure.pt\/web\/wp-json\/wp\/v2\/users\/1"}],"replies":[{"embeddable":true,"href":"https:\/\/www.escolasdesoure.pt\/web\/wp-json\/wp\/v2\/comments?post=15564"}],"version-history":[{"count":1,"href":"https:\/\/www.escolasdesoure.pt\/web\/wp-json\/wp\/v2\/posts\/15564\/revisions"}],"predecessor-version":[{"id":15569,"href":"https:\/\/www.escolasdesoure.pt\/web\/wp-json\/wp\/v2\/posts\/15564\/revisions\/15569"}],"wp:featuredmedia":[{"embeddable":true,"href":"https:\/\/www.escolasdesoure.pt\/web\/wp-json\/wp\/v2\/media\/15568"}],"wp:attachment":[{"href":"https:\/\/www.escolasdesoure.pt\/web\/wp-json\/wp\/v2\/media?parent=15564"}],"wp:term":[{"taxonomy":"category","embeddable":true,"href":"https:\/\/www.escolasdesoure.pt\/web\/wp-json\/wp\/v2\/categories?post=15564"},{"taxonomy":"post_tag","embeddable":true,"href":"https:\/\/www.escolasdesoure.pt\/web\/wp-json\/wp\/v2\/tags?post=15564"}],"curies":[{"name":"wp","href":"https:\/\/api.w.org\/{rel}","templated":true}]}}