{"id":15559,"date":"2021-11-19T10:10:59","date_gmt":"2021-11-19T10:10:59","guid":{"rendered":"https:\/\/www.escolasdesoure.pt\/web\/?p=15559"},"modified":"2021-11-18T19:10:31","modified_gmt":"2021-11-18T19:10:31","slug":"semana-europeia-da-prevencao-de-residuos-2021","status":"publish","type":"post","link":"https:\/\/www.escolasdesoure.pt\/web\/2021\/11\/semana-europeia-da-prevencao-de-residuos-2021\/","title":{"rendered":"Semana Europeia da Preven\u00e7\u00e3o de Res\u00edduos 2021"},"content":{"rendered":"<p><img decoding=\"async\" class=\"aligncenter size-full wp-image-15560\" src=\"https:\/\/www.escolasdesoure.pt\/web\/wp-content\/uploads\/2021\/11\/image3.jpeg\" alt=\"\" width=\"800\" height=\"325\" srcset=\"https:\/\/www.escolasdesoure.pt\/web\/wp-content\/uploads\/2021\/11\/image3.jpeg 800w, https:\/\/www.escolasdesoure.pt\/web\/wp-content\/uploads\/2021\/11\/image3-300x122.jpeg 300w, https:\/\/www.escolasdesoure.pt\/web\/wp-content\/uploads\/2021\/11\/image3-768x312.jpeg 768w\" sizes=\"(max-width: 800px) 100vw, 800px\" \/><\/p>\n<p>A Semana Europeia da Preven\u00e7\u00e3o de Res\u00edduos (EWWR) acontece desde 2009, normalmente na \u00faltima semana de novembro, e tem por objetivo chamar a aten\u00e7\u00e3o para o alto impacto ambiental provocado pelos h\u00e1bitos de consumo insustent\u00e1veis das nossas sociedades. Trata-se da maior campanha de consciencializa\u00e7\u00e3o sobre a preven\u00e7\u00e3o de res\u00edduos na Europa.<br \/>\nA edi\u00e7\u00e3o de 2021, que decorre de 20 a 28 de novembro, tem como tema &#8220;Comunidades Circulares&#8221;, desafia-nos a agir em conjunto para prevenir a produ\u00e7\u00e3o de res\u00edduos. Os tempos de pandemia e confinamento mostraram que as fam\u00edlias e as pequenas comunidades podem desempenhar um papel importante na mudan\u00e7a de padr\u00f5es de consumo e de produ\u00e7\u00e3o mais sustent\u00e1veis. O foco da edi\u00e7\u00e3o deste ano \u00e9 na necessidade de envolvimento dos cidad\u00e3os, individualmente e enquanto comunidade, na necessidade de investir e valorizar localmente, na busca pelo desperd\u00edcio zero e nas atividades circulares.<br \/>\nA produ\u00e7\u00e3o cont\u00ednua e constante de res\u00edduos \u00e9 uma das principais amea\u00e7as que o nosso planeta enfrenta. Combater este problema \u00e9 uma responsabilidade partilhada entre todos, governantes, autoridades locais, escolas, associa\u00e7\u00f5es e fam\u00edlias. Trata-se de uma quest\u00e3o de cidadania. \u00c9 necess\u00e1rio o sentido de responsabilidade e colabora\u00e7\u00e3o entre todos os cidad\u00e3os para, atuando em conjunto, se conseguir promover a economia circular e atingir o desenvolvimento sustent\u00e1vel, mantendo o equil\u00edbrio entre os pilares ambiental, social e econ\u00f3mico.<br \/>\nReduzir o consumo, nomeadamente porque se reduz\/elimina o desperd\u00edcio, consumir tendencialmente local, adotar o com\u00e9rcio justo e inclusivo, promover comunidades circulares, s\u00e3o fatores importantes para nos aproximarmos de um futuro sustent\u00e1vel.<\/p>\n<p>&nbsp;<\/p>\n","protected":false},"excerpt":{"rendered":"<p>A Semana Europeia da Preven\u00e7\u00e3o de Res\u00edduos (EWWR) acontece desde 2009, normalmente na \u00faltima semana de novembro, e tem por objetivo chamar a aten\u00e7\u00e3o para<a href=\"https:\/\/www.escolasdesoure.pt\/web\/2021\/11\/semana-europeia-da-prevencao-de-residuos-2021\/\" class=\"more-link\"><span class=\"screen-reader-text\"> &#8220;Semana Europeia da Preven\u00e7\u00e3o de Res\u00edduos 2021&#8221;<\/span><\/a><\/p>\n","protected":false},"author":1,"featured_media":15560,"comment_status":"closed","ping_status":"closed","sticky":false,"template":"","format":"standard","meta":{"footnotes":""},"categories":[1],"tags":[276],"class_list":["post-15559","post","type-post","status-publish","format-standard","has-post-thumbnail","hentry","category-noticias","tag-eco-escolas"],"_links":{"self":[{"href":"https:\/\/www.escolasdesoure.pt\/web\/wp-json\/wp\/v2\/posts\/15559","targetHints":{"allow":["GET"]}}],"collection":[{"href":"https:\/\/www.escolasdesoure.pt\/web\/wp-json\/wp\/v2\/posts"}],"about":[{"href":"https:\/\/www.escolasdesoure.pt\/web\/wp-json\/wp\/v2\/types\/post"}],"author":[{"embeddable":true,"href":"https:\/\/www.escolasdesoure.pt\/web\/wp-json\/wp\/v2\/users\/1"}],"replies":[{"embeddable":true,"href":"https:\/\/www.escolasdesoure.pt\/web\/wp-json\/wp\/v2\/comments?post=15559"}],"version-history":[{"count":1,"href":"https:\/\/www.escolasdesoure.pt\/web\/wp-json\/wp\/v2\/posts\/15559\/revisions"}],"predecessor-version":[{"id":15561,"href":"https:\/\/www.escolasdesoure.pt\/web\/wp-json\/wp\/v2\/posts\/15559\/revisions\/15561"}],"wp:featuredmedia":[{"embeddable":true,"href":"https:\/\/www.escolasdesoure.pt\/web\/wp-json\/wp\/v2\/media\/15560"}],"wp:attachment":[{"href":"https:\/\/www.escolasdesoure.pt\/web\/wp-json\/wp\/v2\/media?parent=15559"}],"wp:term":[{"taxonomy":"category","embeddable":true,"href":"https:\/\/www.escolasdesoure.pt\/web\/wp-json\/wp\/v2\/categories?post=15559"},{"taxonomy":"post_tag","embeddable":true,"href":"https:\/\/www.escolasdesoure.pt\/web\/wp-json\/wp\/v2\/tags?post=15559"}],"curies":[{"name":"wp","href":"https:\/\/api.w.org\/{rel}","templated":true}]}}