{"id":15441,"date":"2021-10-27T08:20:49","date_gmt":"2021-10-27T07:20:49","guid":{"rendered":"https:\/\/www.escolasdesoure.pt\/web\/?p=15441"},"modified":"2021-10-27T09:03:57","modified_gmt":"2021-10-27T08:03:57","slug":"jornadas-memoria-e-esperanca","status":"publish","type":"post","link":"https:\/\/www.escolasdesoure.pt\/web\/2021\/10\/jornadas-memoria-e-esperanca\/","title":{"rendered":"Jornadas \u201cMem\u00f3ria e Esperan\u00e7a\u201d"},"content":{"rendered":"<p>Em resposta ao desafio colocado pelo Manifesto \u201cMem\u00f3ria &#038; Esperan\u00e7a\u201d, o Agrupamento de Escolas Martinho \u00c1rias associou-se \u00e0s atividades que decorreram no dia 22 de outubro um pouco por todo o pa\u00eds, contribuindo assim para homenagear a mem\u00f3ria das v\u00edtimas da pandemia de Covid 19 e mantendo a esperan\u00e7a para hoje, para amanh\u00e3 e para sempre.<br \/>\nO objetivo foi a realiza\u00e7\u00e3o de uma atividade de reflex\u00e3o coletiva com o prop\u00f3sito de educar cidad\u00e3os que valorizem o respeito pela dignidade humana, pelo exerc\u00edcio de cidadania e pela solidariedade para com os outros.<br \/>\nAo final da manh\u00e3, os alunos apresentaram-se vestidos de branco e cumpriram um minuto de sil\u00eancio, seguido de um cord\u00e3o humano em redor das v\u00e1rias escolas, desde o pr\u00e9 escolar at\u00e9 ao secund\u00e1rio. O momento culminou com a planta\u00e7\u00e3o de \u00e1rvores, oferecidas pela C\u00e2mara Municipal de Soure, em v\u00e1rias das escolas do Agrupamento, como memorial representativo da \u00e9poca pand\u00e9mica que ainda hoje atravessamos.<br \/>\nFoi um verdadeiro momento de reflex\u00e3o sobre as experi\u00eancias que vivenciamos recentemente, mas tamb\u00e9m de uni\u00e3o, solidariedade e cidadania.<\/p>\n<p><iframe loading=\"lazy\" width=\"100%\" height=\"600\" src=\"https:\/\/www.youtube.com\/embed\/SS0GeOfE4vY\" title=\"YouTube video player\" frameborder=\"0\" allow=\"accelerometer; autoplay; clipboard-write; encrypted-media; gyroscope; picture-in-picture\" allowfullscreen><\/iframe><\/p>\n","protected":false},"excerpt":{"rendered":"<p>Em resposta ao desafio colocado pelo Manifesto \u201cMem\u00f3ria &#038; Esperan\u00e7a\u201d, o Agrupamento de Escolas Martinho \u00c1rias associou-se \u00e0s atividades que decorreram no dia 22 de<a href=\"https:\/\/www.escolasdesoure.pt\/web\/2021\/10\/jornadas-memoria-e-esperanca\/\" class=\"more-link\"><span class=\"screen-reader-text\"> &#8220;Jornadas \u201cMem\u00f3ria e Esperan\u00e7a\u201d&#8221;<\/span><\/a><\/p>\n","protected":false},"author":1,"featured_media":15442,"comment_status":"closed","ping_status":"closed","sticky":false,"template":"","format":"standard","meta":{"footnotes":""},"categories":[1],"tags":[],"class_list":["post-15441","post","type-post","status-publish","format-standard","has-post-thumbnail","hentry","category-noticias"],"_links":{"self":[{"href":"https:\/\/www.escolasdesoure.pt\/web\/wp-json\/wp\/v2\/posts\/15441","targetHints":{"allow":["GET"]}}],"collection":[{"href":"https:\/\/www.escolasdesoure.pt\/web\/wp-json\/wp\/v2\/posts"}],"about":[{"href":"https:\/\/www.escolasdesoure.pt\/web\/wp-json\/wp\/v2\/types\/post"}],"author":[{"embeddable":true,"href":"https:\/\/www.escolasdesoure.pt\/web\/wp-json\/wp\/v2\/users\/1"}],"replies":[{"embeddable":true,"href":"https:\/\/www.escolasdesoure.pt\/web\/wp-json\/wp\/v2\/comments?post=15441"}],"version-history":[{"count":1,"href":"https:\/\/www.escolasdesoure.pt\/web\/wp-json\/wp\/v2\/posts\/15441\/revisions"}],"predecessor-version":[{"id":15443,"href":"https:\/\/www.escolasdesoure.pt\/web\/wp-json\/wp\/v2\/posts\/15441\/revisions\/15443"}],"wp:featuredmedia":[{"embeddable":true,"href":"https:\/\/www.escolasdesoure.pt\/web\/wp-json\/wp\/v2\/media\/15442"}],"wp:attachment":[{"href":"https:\/\/www.escolasdesoure.pt\/web\/wp-json\/wp\/v2\/media?parent=15441"}],"wp:term":[{"taxonomy":"category","embeddable":true,"href":"https:\/\/www.escolasdesoure.pt\/web\/wp-json\/wp\/v2\/categories?post=15441"},{"taxonomy":"post_tag","embeddable":true,"href":"https:\/\/www.escolasdesoure.pt\/web\/wp-json\/wp\/v2\/tags?post=15441"}],"curies":[{"name":"wp","href":"https:\/\/api.w.org\/{rel}","templated":true}]}}