{"id":14986,"date":"2021-05-26T15:04:06","date_gmt":"2021-05-26T14:04:06","guid":{"rendered":"https:\/\/www.escolasdesoure.pt\/web\/?p=14986"},"modified":"2021-05-26T15:04:06","modified_gmt":"2021-05-26T14:04:06","slug":"observatorio-de-saude-mental-de-soure","status":"publish","type":"post","link":"https:\/\/www.escolasdesoure.pt\/web\/2021\/05\/observatorio-de-saude-mental-de-soure\/","title":{"rendered":"Observat\u00f3rio de Sa\u00fade Mental de Soure"},"content":{"rendered":"<p>O OSMS \u00e9 uma iniciativa da CPCJ, em protocolo com a CMS, e com a colabora\u00e7\u00e3o de v\u00e1rias organiza\u00e7\u00e3o \/ institui\u00e7\u00f5es, ente as quais a Comiss\u00e3o Nacional de Prote\u00e7\u00e3o de Menores e a Escola Superior de Enfermagem de Coimbra.<br \/>\nO objetivo geral \u00e9 criar um OSMS que permita a promo\u00e7\u00e3o da sa\u00fade mental e a preven\u00e7\u00e3o de doen\u00e7a, favorecendo uma interven\u00e7\u00e3o o mais precoce poss\u00edvel, centrada na comunidade e nas parcerias resultantes do OSMS.<br \/>\nNuma fase inicial, onde colaboram docentes da Escola Superior de Enfermagem e profissionais do Centro de Sa\u00fade de Soure, pretende caraterizar-se o bem-estar e sa\u00fade mental das crian\u00e7as e adolescentes do concelho. Para isso, est\u00e1 ser aplicado um question\u00e1rio an\u00f3nimo e confidencial, que n\u00e3o permite qualquer identifica\u00e7\u00e3o dos respondentes. O objetivo n\u00e3o \u00e9 identificar casos particulares nem fazer diagn\u00f3sticos cl\u00ednicos \/ psiqui\u00e1tricos, mas sim ficar com uma ideia global da popula\u00e7\u00e3o.<br \/>\nDe acordo com o Doutor Jos\u00e9 Carlos Santos, respons\u00e1vel pela implementa\u00e7\u00e3o deste projeto, prev\u00ea-se que no final do ano seja apresentado o relat\u00f3rio do estudo.<\/p>\n","protected":false},"excerpt":{"rendered":"<p>O OSMS \u00e9 uma iniciativa da CPCJ, em protocolo com a CMS, e com a colabora\u00e7\u00e3o de v\u00e1rias organiza\u00e7\u00e3o \/ institui\u00e7\u00f5es, ente as quais a<a href=\"https:\/\/www.escolasdesoure.pt\/web\/2021\/05\/observatorio-de-saude-mental-de-soure\/\" class=\"more-link\"><span class=\"screen-reader-text\"> &#8220;Observat\u00f3rio de Sa\u00fade Mental de Soure&#8221;<\/span><\/a><\/p>\n","protected":false},"author":1,"featured_media":7603,"comment_status":"closed","ping_status":"closed","sticky":false,"template":"","format":"standard","meta":{"footnotes":""},"categories":[1],"tags":[],"class_list":["post-14986","post","type-post","status-publish","format-standard","has-post-thumbnail","hentry","category-noticias"],"_links":{"self":[{"href":"https:\/\/www.escolasdesoure.pt\/web\/wp-json\/wp\/v2\/posts\/14986","targetHints":{"allow":["GET"]}}],"collection":[{"href":"https:\/\/www.escolasdesoure.pt\/web\/wp-json\/wp\/v2\/posts"}],"about":[{"href":"https:\/\/www.escolasdesoure.pt\/web\/wp-json\/wp\/v2\/types\/post"}],"author":[{"embeddable":true,"href":"https:\/\/www.escolasdesoure.pt\/web\/wp-json\/wp\/v2\/users\/1"}],"replies":[{"embeddable":true,"href":"https:\/\/www.escolasdesoure.pt\/web\/wp-json\/wp\/v2\/comments?post=14986"}],"version-history":[{"count":1,"href":"https:\/\/www.escolasdesoure.pt\/web\/wp-json\/wp\/v2\/posts\/14986\/revisions"}],"predecessor-version":[{"id":14987,"href":"https:\/\/www.escolasdesoure.pt\/web\/wp-json\/wp\/v2\/posts\/14986\/revisions\/14987"}],"wp:featuredmedia":[{"embeddable":true,"href":"https:\/\/www.escolasdesoure.pt\/web\/wp-json\/wp\/v2\/media\/7603"}],"wp:attachment":[{"href":"https:\/\/www.escolasdesoure.pt\/web\/wp-json\/wp\/v2\/media?parent=14986"}],"wp:term":[{"taxonomy":"category","embeddable":true,"href":"https:\/\/www.escolasdesoure.pt\/web\/wp-json\/wp\/v2\/categories?post=14986"},{"taxonomy":"post_tag","embeddable":true,"href":"https:\/\/www.escolasdesoure.pt\/web\/wp-json\/wp\/v2\/tags?post=14986"}],"curies":[{"name":"wp","href":"https:\/\/api.w.org\/{rel}","templated":true}]}}