{"id":14859,"date":"2021-04-22T15:30:09","date_gmt":"2021-04-22T14:30:09","guid":{"rendered":"https:\/\/www.escolasdesoure.pt\/web\/?p=14859"},"modified":"2021-04-22T15:30:24","modified_gmt":"2021-04-22T14:30:24","slug":"dia-da-terra","status":"publish","type":"post","link":"https:\/\/www.escolasdesoure.pt\/web\/2021\/04\/dia-da-terra\/","title":{"rendered":"Dia da Terra"},"content":{"rendered":"<p style=\"text-align: right;\"><img decoding=\"async\" class=\"aligncenter size-full wp-image-14863\" src=\"https:\/\/www.escolasdesoure.pt\/web\/wp-content\/uploads\/2021\/04\/diadaterra.jpg\" alt=\"\" width=\"900\" height=\"509\" srcset=\"https:\/\/www.escolasdesoure.pt\/web\/wp-content\/uploads\/2021\/04\/diadaterra.jpg 900w, https:\/\/www.escolasdesoure.pt\/web\/wp-content\/uploads\/2021\/04\/diadaterra-300x170.jpg 300w, https:\/\/www.escolasdesoure.pt\/web\/wp-content\/uploads\/2021\/04\/diadaterra-768x434.jpg 768w\" sizes=\"(max-width: 900px) 100vw, 900px\" \/><\/p>\n<p>O <strong>Dia da Terra<\/strong> \u00e9 anualmente celebrado no dia <strong>22 de abril<\/strong>. Essa data surgiu em 1970, quando face a um crescente aumento da polui\u00e7\u00e3o, o senador americano Gaylord Nelson organizou um movimento com o objetivo de criar um dia no qual todos refletissem sobre as quest\u00f5es ambientais. Em 2009 a Organiza\u00e7\u00e3o das Na\u00e7\u00f5es Unidas (ONU) instituiu o 22 de abril como o Dia da Terra.<br \/>\nO Dia da Terra tem como objetivo a <strong>consciencializa\u00e7\u00e3o<\/strong> de toda a popula\u00e7\u00e3o mundial sobre a necessidade de <strong>cuidar do planeta, de forma a garantir o bem-estar de todos os seres vivos<\/strong>. No entanto, \u00e9 importante destacar que o <strong>cuidado com a preserva\u00e7\u00e3o do planeta deve ser cont\u00ednuo<\/strong>, ou seja, deve ser uma atitude tomada diariamente e n\u00e3o apenas neste dia.<br \/>\nSendo a escola Martinho \u00c1rias uma Eco-escola, \u00e9 ainda maior a nossa responsabilidade na preserva\u00e7\u00e3o do ambiente. \u00c9 no \u00e2mbito deste programa, a que a nossa escola aderiu desde h\u00e1 12 anos, que se prop\u00f5e a cada um dos elementos da comunidade escolar um desafio: <strong>para celebrar esta data, prop\u00f5e-se que cada um, no seu dia a dia, se comprometa a adotar uma nova atitude que constitua uma boa pr\u00e1tica ambiental.<\/strong><\/p>\n<p><strong><span style=\"color: #008000;\">As boas pr\u00e1ticas ambientais de cada um de n\u00f3s, ainda que se traduzam em pequenas atitudes, provocam grandes diferen\u00e7as na preserva\u00e7\u00e3o da Terra.<\/span><\/strong><\/p>\n<p><img decoding=\"async\" class=\"alignright size-full wp-image-10424\" style=\"text-align: right;\" src=\"https:\/\/www.escolasdesoure.pt\/web\/wp-content\/uploads\/2017\/02\/ecoescolas.jpg\" alt=\"\" width=\"157\" height=\"144\" \/><\/p>\n","protected":false},"excerpt":{"rendered":"<p>O Dia da Terra \u00e9 anualmente celebrado no dia 22 de abril. Essa data surgiu em 1970, quando face a um crescente aumento da polui\u00e7\u00e3o,<a href=\"https:\/\/www.escolasdesoure.pt\/web\/2021\/04\/dia-da-terra\/\" class=\"more-link\"><span class=\"screen-reader-text\"> &#8220;Dia da Terra&#8221;<\/span><\/a><\/p>\n","protected":false},"author":1,"featured_media":14863,"comment_status":"closed","ping_status":"closed","sticky":false,"template":"","format":"standard","meta":{"footnotes":""},"categories":[214],"tags":[359],"class_list":["post-14859","post","type-post","status-publish","format-standard","has-post-thumbnail","hentry","category-eco-escolas","tag-dia-da-terra"],"_links":{"self":[{"href":"https:\/\/www.escolasdesoure.pt\/web\/wp-json\/wp\/v2\/posts\/14859","targetHints":{"allow":["GET"]}}],"collection":[{"href":"https:\/\/www.escolasdesoure.pt\/web\/wp-json\/wp\/v2\/posts"}],"about":[{"href":"https:\/\/www.escolasdesoure.pt\/web\/wp-json\/wp\/v2\/types\/post"}],"author":[{"embeddable":true,"href":"https:\/\/www.escolasdesoure.pt\/web\/wp-json\/wp\/v2\/users\/1"}],"replies":[{"embeddable":true,"href":"https:\/\/www.escolasdesoure.pt\/web\/wp-json\/wp\/v2\/comments?post=14859"}],"version-history":[{"count":1,"href":"https:\/\/www.escolasdesoure.pt\/web\/wp-json\/wp\/v2\/posts\/14859\/revisions"}],"predecessor-version":[{"id":14864,"href":"https:\/\/www.escolasdesoure.pt\/web\/wp-json\/wp\/v2\/posts\/14859\/revisions\/14864"}],"wp:featuredmedia":[{"embeddable":true,"href":"https:\/\/www.escolasdesoure.pt\/web\/wp-json\/wp\/v2\/media\/14863"}],"wp:attachment":[{"href":"https:\/\/www.escolasdesoure.pt\/web\/wp-json\/wp\/v2\/media?parent=14859"}],"wp:term":[{"taxonomy":"category","embeddable":true,"href":"https:\/\/www.escolasdesoure.pt\/web\/wp-json\/wp\/v2\/categories?post=14859"},{"taxonomy":"post_tag","embeddable":true,"href":"https:\/\/www.escolasdesoure.pt\/web\/wp-json\/wp\/v2\/tags?post=14859"}],"curies":[{"name":"wp","href":"https:\/\/api.w.org\/{rel}","templated":true}]}}