{"id":14832,"date":"2021-04-13T19:27:22","date_gmt":"2021-04-13T18:27:22","guid":{"rendered":"https:\/\/www.escolasdesoure.pt\/web\/?p=14832"},"modified":"2021-04-14T08:52:16","modified_gmt":"2021-04-14T07:52:16","slug":"plano-nacional-de-leitura","status":"publish","type":"post","link":"https:\/\/www.escolasdesoure.pt\/web\/2021\/04\/plano-nacional-de-leitura\/","title":{"rendered":"M\u00eas da leitura do livro e da liberdade"},"content":{"rendered":"<p>Anualmente, a Rede de Bibliotecas de Soure associa-se \u00e0 iniciativa do Plano Nacional de Leitura para assinalar uma semana em que se desenvolvem v\u00e1rias iniciativas promotoras dos h\u00e1bitos de leitura. Neste ano t\u00e3o at\u00edpico, em que a vida das escolas e das comunidades educativas sofreu reviravoltas e reajustes de calend\u00e1rio, decidimos alargar esta iniciativa dedicando-lhe todo o m\u00eas de Abril. Do programa cultural deste m\u00eas destacamos a realiza\u00e7\u00e3o de v\u00e1rios concursos, \u201cConhecer Abril\u201d, que apela \u00e0 criatividade dos alunos do 1\u00ba ciclo e \u00e0 pesquisa de informa\u00e7\u00e3o sobre a revolu\u00e7\u00e3o dos cravos, concurso Nacional de Leitura, fase intermunicipal, que ter\u00e1 a participa\u00e7\u00e3o de 12 alunos do concelho e o concurso \u201cValora tu livro\u201d para assinalar o Dia Mundial do Livro com uma foto original, homenageando os mestres da literatura, nomeadamente Cervantes e Shakespeare.<br \/>\nA Rede de Bibliotecas de Soure e o Centro Qualifica, ao longo do m\u00eas, divulgar\u00e3o sugest\u00f5es de leituras e livros, ser\u00e3o contadas hist\u00f3rias e lengalengas, ser\u00e1 comemorado o Dia Internacional do Livro Infantil, que se assinalou no dia 2, e o Dia da Liberdade que se comemorar\u00e1 no dia 25 de abril. Esta iniciativa s\u00f3 \u00e9 poss\u00edvel com o trabalho em rede e com a colabora\u00e7\u00e3o e envolvimento de estudantes, docentes e formandos\/as adultos\/as de todos os ciclos de ensino do concelho e das bibliotecas municipal e escolares.<br \/>\nDesta forma, a Rede de Bibliotecas de Soure reinventa-se nas estrat\u00e9gias de partilhar palavras, livros e leituras, dando asas \u00e0 esperan\u00e7a e \u00e0 Liberdade.<\/p>\n<p><img decoding=\"async\" class=\"aligncenter size-full wp-image-14833\" src=\"https:\/\/www.escolasdesoure.pt\/web\/wp-content\/uploads\/2021\/04\/CartazMesLivro_Leitura_Liberdade_Qualifica.jpg\" alt=\"\" width=\"800\" height=\"1422\" srcset=\"https:\/\/www.escolasdesoure.pt\/web\/wp-content\/uploads\/2021\/04\/CartazMesLivro_Leitura_Liberdade_Qualifica.jpg 800w, https:\/\/www.escolasdesoure.pt\/web\/wp-content\/uploads\/2021\/04\/CartazMesLivro_Leitura_Liberdade_Qualifica-169x300.jpg 169w, https:\/\/www.escolasdesoure.pt\/web\/wp-content\/uploads\/2021\/04\/CartazMesLivro_Leitura_Liberdade_Qualifica-506x900.jpg 506w, https:\/\/www.escolasdesoure.pt\/web\/wp-content\/uploads\/2021\/04\/CartazMesLivro_Leitura_Liberdade_Qualifica-768x1365.jpg 768w\" sizes=\"(max-width: 800px) 100vw, 800px\" \/><\/p>\n","protected":false},"excerpt":{"rendered":"<p>Anualmente, a Rede de Bibliotecas de Soure associa-se \u00e0 iniciativa do Plano Nacional de Leitura para assinalar uma semana em que se desenvolvem v\u00e1rias iniciativas<a href=\"https:\/\/www.escolasdesoure.pt\/web\/2021\/04\/plano-nacional-de-leitura\/\" class=\"more-link\"><span class=\"screen-reader-text\"> &#8220;M\u00eas da leitura do livro e da liberdade&#8221;<\/span><\/a><\/p>\n","protected":false},"author":1,"featured_media":14833,"comment_status":"closed","ping_status":"closed","sticky":false,"template":"","format":"standard","meta":{"footnotes":""},"categories":[1],"tags":[46],"class_list":["post-14832","post","type-post","status-publish","format-standard","has-post-thumbnail","hentry","category-noticias","tag-biblioteca"],"_links":{"self":[{"href":"https:\/\/www.escolasdesoure.pt\/web\/wp-json\/wp\/v2\/posts\/14832","targetHints":{"allow":["GET"]}}],"collection":[{"href":"https:\/\/www.escolasdesoure.pt\/web\/wp-json\/wp\/v2\/posts"}],"about":[{"href":"https:\/\/www.escolasdesoure.pt\/web\/wp-json\/wp\/v2\/types\/post"}],"author":[{"embeddable":true,"href":"https:\/\/www.escolasdesoure.pt\/web\/wp-json\/wp\/v2\/users\/1"}],"replies":[{"embeddable":true,"href":"https:\/\/www.escolasdesoure.pt\/web\/wp-json\/wp\/v2\/comments?post=14832"}],"version-history":[{"count":2,"href":"https:\/\/www.escolasdesoure.pt\/web\/wp-json\/wp\/v2\/posts\/14832\/revisions"}],"predecessor-version":[{"id":14837,"href":"https:\/\/www.escolasdesoure.pt\/web\/wp-json\/wp\/v2\/posts\/14832\/revisions\/14837"}],"wp:featuredmedia":[{"embeddable":true,"href":"https:\/\/www.escolasdesoure.pt\/web\/wp-json\/wp\/v2\/media\/14833"}],"wp:attachment":[{"href":"https:\/\/www.escolasdesoure.pt\/web\/wp-json\/wp\/v2\/media?parent=14832"}],"wp:term":[{"taxonomy":"category","embeddable":true,"href":"https:\/\/www.escolasdesoure.pt\/web\/wp-json\/wp\/v2\/categories?post=14832"},{"taxonomy":"post_tag","embeddable":true,"href":"https:\/\/www.escolasdesoure.pt\/web\/wp-json\/wp\/v2\/tags?post=14832"}],"curies":[{"name":"wp","href":"https:\/\/api.w.org\/{rel}","templated":true}]}}