{"id":14813,"date":"2021-04-13T08:35:48","date_gmt":"2021-04-13T07:35:48","guid":{"rendered":"https:\/\/www.escolasdesoure.pt\/web\/?p=14813"},"modified":"2021-04-13T08:35:53","modified_gmt":"2021-04-13T07:35:53","slug":"12-de-abril-dia-nacional-do-ar","status":"publish","type":"post","link":"https:\/\/www.escolasdesoure.pt\/web\/2021\/04\/12-de-abril-dia-nacional-do-ar\/","title":{"rendered":"12 de abril &#8211; Dia Nacional do Ar"},"content":{"rendered":"<p><img decoding=\"async\" class=\"aligncenter size-full wp-image-14814\" src=\"https:\/\/www.escolasdesoure.pt\/web\/wp-content\/uploads\/2021\/04\/image2.jpg\" alt=\"\" width=\"800\" height=\"397\" srcset=\"https:\/\/www.escolasdesoure.pt\/web\/wp-content\/uploads\/2021\/04\/image2.jpg 800w, https:\/\/www.escolasdesoure.pt\/web\/wp-content\/uploads\/2021\/04\/image2-300x149.jpg 300w, https:\/\/www.escolasdesoure.pt\/web\/wp-content\/uploads\/2021\/04\/image2-768x381.jpg 768w\" sizes=\"(max-width: 800px) 100vw, 800px\" \/><\/p>\n<p><img decoding=\"async\" class=\"alignright size-full wp-image-14815\" src=\"https:\/\/www.escolasdesoure.pt\/web\/wp-content\/uploads\/2021\/04\/image1.png\" alt=\"\" width=\"188\" height=\"188\" srcset=\"https:\/\/www.escolasdesoure.pt\/web\/wp-content\/uploads\/2021\/04\/image1.png 188w, https:\/\/www.escolasdesoure.pt\/web\/wp-content\/uploads\/2021\/04\/image1-150x150.png 150w, https:\/\/www.escolasdesoure.pt\/web\/wp-content\/uploads\/2021\/04\/image1-75x75.png 75w\" sizes=\"(max-width: 188px) 100vw, 188px\" \/>O <strong>Dia Nacional do Ar<\/strong>, comemorado a 12 de abril, tem como objetivos, salientar a import\u00e2ncia da qualidade do ar e sensibilizar a popula\u00e7\u00e3o para a necessidade de conhecer e atuar com vista \u00e0 prote\u00e7\u00e3o e melhoria deste recurso indispens\u00e1vel \u00e0 vida.<br \/>\nSegundo a Organiza\u00e7\u00e3o Mundial de Sa\u00fade (OMS), a polui\u00e7\u00e3o do ar \u00e9 o maior problema ambiental que afeta a sa\u00fade humana e na Europa mata, por ano, dez vezes mais do que os acidentes de via\u00e7\u00e3o.<\/p>\n<p>Apesar de se terem registado melhorias significativas nas \u00faltimas d\u00e9cadas, em Portugal persistem alguns problemas de qualidade do ar, principalmente nos grandes aglomerados urbanos. A n\u00edvel nacional a polui\u00e7\u00e3o do ar causa cerca de 6 mil mortes\/ano, agrava problemas de sa\u00fade, sobretudo em grupos mais vulner\u00e1veis, e \u00e9 respons\u00e1vel pela perda de dias de trabalho, agravando os custos da sa\u00fade e contribuindo para perdas econ\u00f3micas.<br \/>\nFonte: <a href=\"https:\/\/qualar.apambiente.pt\/news\/3\/dia-nacional-do-ar\">https:\/\/qualar.apambiente.pt\/news\/3\/dia-nacional-do-ar<\/a><\/p>\n<p>Durante os recentes per\u00edodos de confinamento, para controlar a pandemia de COVID-19, verificou-se uma melhoria da qualidade do ar, sobretudo nas zonas urbanas, devido, nomeadamente, \u00e0 redu\u00e7\u00e3o significativa do tr\u00e1fego rodovi\u00e1rio.<br \/>\nEstas evid\u00eancias devem fazer-nos refletir em op\u00e7\u00f5es de mobilidade mais sustent\u00e1veis a que temos acesso e repensar as escolhas que fazemos, tendo em conta as op\u00e7\u00f5es dispon\u00edveis.<\/p>\n<p><strong>Hoje \u00e9 um bom dia para come\u00e7ar a fazer esta reflex\u00e3o e para optar por formas de mobilidade mais sustent\u00e1veis, sempre que poss\u00edvel! Que vos parece?<\/strong><\/p>\n","protected":false},"excerpt":{"rendered":"<p>O Dia Nacional do Ar, comemorado a 12 de abril, tem como objetivos, salientar a import\u00e2ncia da qualidade do ar e sensibilizar a popula\u00e7\u00e3o para<a href=\"https:\/\/www.escolasdesoure.pt\/web\/2021\/04\/12-de-abril-dia-nacional-do-ar\/\" class=\"more-link\"><span class=\"screen-reader-text\"> &#8220;12 de abril &#8211; Dia Nacional do Ar&#8221;<\/span><\/a><\/p>\n","protected":false},"author":1,"featured_media":14814,"comment_status":"closed","ping_status":"closed","sticky":false,"template":"","format":"standard","meta":{"footnotes":""},"categories":[214],"tags":[357],"class_list":["post-14813","post","type-post","status-publish","format-standard","has-post-thumbnail","hentry","category-eco-escolas","tag-dia-nacional-do-ar"],"_links":{"self":[{"href":"https:\/\/www.escolasdesoure.pt\/web\/wp-json\/wp\/v2\/posts\/14813","targetHints":{"allow":["GET"]}}],"collection":[{"href":"https:\/\/www.escolasdesoure.pt\/web\/wp-json\/wp\/v2\/posts"}],"about":[{"href":"https:\/\/www.escolasdesoure.pt\/web\/wp-json\/wp\/v2\/types\/post"}],"author":[{"embeddable":true,"href":"https:\/\/www.escolasdesoure.pt\/web\/wp-json\/wp\/v2\/users\/1"}],"replies":[{"embeddable":true,"href":"https:\/\/www.escolasdesoure.pt\/web\/wp-json\/wp\/v2\/comments?post=14813"}],"version-history":[{"count":1,"href":"https:\/\/www.escolasdesoure.pt\/web\/wp-json\/wp\/v2\/posts\/14813\/revisions"}],"predecessor-version":[{"id":14816,"href":"https:\/\/www.escolasdesoure.pt\/web\/wp-json\/wp\/v2\/posts\/14813\/revisions\/14816"}],"wp:featuredmedia":[{"embeddable":true,"href":"https:\/\/www.escolasdesoure.pt\/web\/wp-json\/wp\/v2\/media\/14814"}],"wp:attachment":[{"href":"https:\/\/www.escolasdesoure.pt\/web\/wp-json\/wp\/v2\/media?parent=14813"}],"wp:term":[{"taxonomy":"category","embeddable":true,"href":"https:\/\/www.escolasdesoure.pt\/web\/wp-json\/wp\/v2\/categories?post=14813"},{"taxonomy":"post_tag","embeddable":true,"href":"https:\/\/www.escolasdesoure.pt\/web\/wp-json\/wp\/v2\/tags?post=14813"}],"curies":[{"name":"wp","href":"https:\/\/api.w.org\/{rel}","templated":true}]}}