{"id":14546,"date":"2020-01-28T09:50:00","date_gmt":"2020-01-28T09:50:00","guid":{"rendered":"https:\/\/aemaerasmusmais.wordpress.com\/?p=228"},"modified":"2020-01-28T09:50:00","modified_gmt":"2020-01-28T09:50:00","slug":"martinho-arias-em-videoconferencia-com-enric-valor-2","status":"publish","type":"post","link":"https:\/\/www.escolasdesoure.pt\/web\/2020\/01\/martinho-arias-em-videoconferencia-com-enric-valor-2\/","title":{"rendered":"Martinho \u00c1rias em Videoconfer\u00eancia com Enric Valor"},"content":{"rendered":"\n<p>A tecnologia confirmou uma vez mais que as fronteiras f\u00edsicas n\u00e3o impedem a comunica\u00e7\u00e3o entre falantes oriundos de diversos pa\u00edses. Assim aconteceu na biblioteca da Escola Martinho \u00c1rias, com a primeira videoconfer\u00eancia com a escola espanhola, integrada no projeto de leitura BookiCult, do programa ERASMUS+. Alunos dos 8\u00ba, 10\u00ba e 11\u00ba anos vivenciaram momentos de partilha sobre a tem\u00e1tica abordada na obra de leitura, do escritor americano Jonathan Safran Foer, <em>Extremamente Alto e Incrivelmente Perto. <\/em>Num di\u00e1logo interativo centrado em quest\u00f5es e respostas previamente preparadas, os alunos foram explorando a obra liter\u00e1ria, apresentando as suas opini\u00f5es e partilhando os seus sentimentos experimentados durante a leitura da narrativa supracitada.<\/p>\n\n\n\n<p>Num clima de grande entusiasmo por parte dos nossos alunos em comunh\u00e3o com os hom\u00f3nimos espanh\u00f3is, a sess\u00e3o decorreu como previsto, cumprindo os objetivos estipulados, sendo, por isso, uma experi\u00eancia a repetir como pr\u00e1tica comunicativa e recurso \u00e0 L\u00edngua Inglesa.<\/p>\n\n\n\n<figure class=\"wp-block-image size-large\"><img decoding=\"async\" src=\"https:\/\/aemaerasmusmais.files.wordpress.com\/2020\/01\/grupo-p-website.jpg?w=1024\" alt=\"\" class=\"wp-image-229\" \/><\/figure>\n","protected":false},"excerpt":{"rendered":"<p>A tecnologia confirmou uma vez mais que as fronteiras f\u00edsicas n\u00e3o impedem a comunica\u00e7\u00e3o entre falantes oriundos de diversos pa\u00edses. Assim aconteceu na biblioteca da<a href=\"https:\/\/www.escolasdesoure.pt\/web\/2020\/01\/martinho-arias-em-videoconferencia-com-enric-valor-2\/\" class=\"more-link\"><span class=\"screen-reader-text\"> &#8220;Martinho \u00c1rias em Videoconfer\u00eancia com Enric Valor&#8221;<\/span><\/a><\/p>\n","protected":false},"author":1,"featured_media":0,"comment_status":"closed","ping_status":"closed","sticky":false,"template":"","format":"standard","meta":{"footnotes":""},"categories":[351],"tags":[],"class_list":["post-14546","post","type-post","status-publish","format-standard","hentry","category-bookpackers-around-europe"],"_links":{"self":[{"href":"https:\/\/www.escolasdesoure.pt\/web\/wp-json\/wp\/v2\/posts\/14546","targetHints":{"allow":["GET"]}}],"collection":[{"href":"https:\/\/www.escolasdesoure.pt\/web\/wp-json\/wp\/v2\/posts"}],"about":[{"href":"https:\/\/www.escolasdesoure.pt\/web\/wp-json\/wp\/v2\/types\/post"}],"author":[{"embeddable":true,"href":"https:\/\/www.escolasdesoure.pt\/web\/wp-json\/wp\/v2\/users\/1"}],"replies":[{"embeddable":true,"href":"https:\/\/www.escolasdesoure.pt\/web\/wp-json\/wp\/v2\/comments?post=14546"}],"version-history":[{"count":0,"href":"https:\/\/www.escolasdesoure.pt\/web\/wp-json\/wp\/v2\/posts\/14546\/revisions"}],"wp:attachment":[{"href":"https:\/\/www.escolasdesoure.pt\/web\/wp-json\/wp\/v2\/media?parent=14546"}],"wp:term":[{"taxonomy":"category","embeddable":true,"href":"https:\/\/www.escolasdesoure.pt\/web\/wp-json\/wp\/v2\/categories?post=14546"},{"taxonomy":"post_tag","embeddable":true,"href":"https:\/\/www.escolasdesoure.pt\/web\/wp-json\/wp\/v2\/tags?post=14546"}],"curies":[{"name":"wp","href":"https:\/\/api.w.org\/{rel}","templated":true}]}}